{"id":92355,"date":"2018-02-21T21:27:02","date_gmt":"2018-02-22T00:27:02","guid":{"rendered":"http:\/\/diarioregionaljf.com.br\/2018\/02\/21\/jovem-de-19-anos-e-preso-por-porte-ilegal-de-arma-de-fogo-no-olavo-costa\/"},"modified":"2018-02-21T21:27:02","modified_gmt":"2018-02-22T00:27:02","slug":"jovem-de-19-anos-e-preso-por-porte-ilegal-de-arma-de-fogo-no-olavo-costa","status":"publish","type":"post","link":"https:\/\/diarioregionaldigital.com.br\/?p=92355","title":{"rendered":"Jovem de 19 anos \u00e9 preso por porte ilegal de arma de fogo no Olavo Costa"},"content":{"rendered":"<p>Um jovem de 19 anos foi preso por porte ilegal de arma de fogo na Vila Olavo Costa, regi\u00e3o Sudeste de Juiz de Fora, nesta ter\u00e7a-feira, 21.<\/p>\n<p>De acordo com informa\u00e7\u00f5es da Pol\u00edcia Militar (PM), os policiais foram at\u00e9 o local ap\u00f3s receberem informa\u00e7\u00f5es de que um indiv\u00edduo estaria em atitude suspeita e portando uma arma de fogo.<\/p>\n<p>Ao chegar no endere\u00e7o informado, os militares tiveram \u00eaxito em encontrar o jovem. Com ele foi apreendida uma arma artesanal e um cartucho calibre .28.<\/p>\n<p>O jovem foi encaminhado \u00e0 delegacia para as devidas provid\u00eancias.<\/p>\n","protected":false},"excerpt":{"rendered":"<p>Um jovem de 19 anos foi preso por porte ilegal de arma de fogo na Vila Olavo Costa, regi\u00e3o Sudeste de Juiz de Fora, nesta ter\u00e7a-feira, 21. De acordo com informa\u00e7\u00f5es da Pol\u00edcia Militar (PM), os policiais foram at\u00e9 o local ap\u00f3s receberem informa\u00e7\u00f5es de que um indiv\u00edduo estaria em atitude suspeita e portando uma [&hellip;]<\/p>\n","protected":false},"author":96,"featured_media":92354,"comment_status":"closed","ping_status":"closed","sticky":false,"template":"","format":"standard","meta":{"footnotes":""},"categories":[301],"tags":[],"class_list":["post-92355","post","type-post","status-publish","format-standard","has-post-thumbnail","hentry","category-artigos-policiais"],"_links":{"self":[{"href":"https:\/\/diarioregionaldigital.com.br\/index.php?rest_route=\/wp\/v2\/posts\/92355","targetHints":{"allow":["GET"]}}],"collection":[{"href":"https:\/\/diarioregionaldigital.com.br\/index.php?rest_route=\/wp\/v2\/posts"}],"about":[{"href":"https:\/\/diarioregionaldigital.com.br\/index.php?rest_route=\/wp\/v2\/types\/post"}],"author":[{"embeddable":true,"href":"https:\/\/diarioregionaldigital.com.br\/index.php?rest_route=\/wp\/v2\/users\/96"}],"replies":[{"embeddable":true,"href":"https:\/\/diarioregionaldigital.com.br\/index.php?rest_route=%2Fwp%2Fv2%2Fcomments&post=92355"}],"version-history":[{"count":0,"href":"https:\/\/diarioregionaldigital.com.br\/index.php?rest_route=\/wp\/v2\/posts\/92355\/revisions"}],"wp:featuredmedia":[{"embeddable":true,"href":"https:\/\/diarioregionaldigital.com.br\/index.php?rest_route=\/wp\/v2\/media\/92354"}],"wp:attachment":[{"href":"https:\/\/diarioregionaldigital.com.br\/index.php?rest_route=%2Fwp%2Fv2%2Fmedia&parent=92355"}],"wp:term":[{"taxonomy":"category","embeddable":true,"href":"https:\/\/diarioregionaldigital.com.br\/index.php?rest_route=%2Fwp%2Fv2%2Fcategories&post=92355"},{"taxonomy":"post_tag","embeddable":true,"href":"https:\/\/diarioregionaldigital.com.br\/index.php?rest_route=%2Fwp%2Fv2%2Ftags&post=92355"}],"curies":[{"name":"wp","href":"https:\/\/api.w.org\/{rel}","templated":true}]}}