{"id":92352,"date":"2018-02-21T21:13:00","date_gmt":"2018-02-22T00:13:00","guid":{"rendered":"http:\/\/diarioregionaljf.com.br\/2018\/02\/21\/prefeitura-municipal-de-descoberto-licitacao-009-2018-22-02-18\/"},"modified":"2018-08-13T20:36:43","modified_gmt":"2018-08-13T23:36:43","slug":"prefeitura-municipal-de-descoberto-licitacao-009-2018-22-02-18","status":"publish","type":"post","link":"https:\/\/diarioregionaldigital.com.br\/?p=92352","title":{"rendered":"PREFEITURA MUNICIPAL DE DESCOBERTO LICITA\u00c7\u00c3O 009\/2018 22\/02\/18"},"content":{"rendered":"<p style=\"text-align: center;\"><span class=\"h4\">PREFEITURA MUNICIPAL DE DESCOBERTO<\/span><br \/><span class=\"h4\">AVISO DE LICITA\u00c7\u00c3O<\/span><br \/><span class=\"h4\">Licita\u00e7\u00e3o n\u00b0 009\/2018<\/span><br \/><span class=\"h4\">Modalidade de Concorr\u00eancia n\u00b0 001\/2018<\/span><br \/>O Munic\u00edpio de DESCOBERTO, na forma da lei, faz saber a todos quantos o presente edital virem, ou dele conhecimento tiverem, que a partir das 09:00h do dia 09 de abril de 2018, na Prefeitura Municipal na sala da comiss\u00e3o de licita\u00e7\u00e3o, localizada na rua CAPIT\u00c3O BAS\u00cdLIO, n\u00b0 39, bairro CENTRO, munic\u00edpio de DESCOBERTO, ser\u00e1 realizada licita\u00e7\u00e3o para a contrata\u00e7\u00e3o de empresa para PROCESSAMENTO DOS RES\u00cdDUOS S\u00d3LIDOS E COMPACT\u00c1VEIS DOMICILIARES, COMERCIAIS E INDUSTRIAIS COM CARACTER\u00cdSTICAS DOMICILIARES E P\u00daBLICOS DO MUNIC\u00cdPIO DE DESCOBERTO, CONFORME NORMAS P\u00daBLICAS (PRINCIPALMENTE AS AMBIENTAIS) E REGRAS CONTIDAS NO EDITAL, com julgamento do TIPO MELHOR PROPOSTA EM RAZ\u00c3O DA COMBINA\u00c7\u00c3O DOS CRIT\u00c9RIOS DE MENOR VALOR DA TARIFA DO SERVI\u00c7O P\u00daBLICO A SER PRESTADO COM O DE MELHOR T\u00c9CNICA, conforme consta no edital que se encontra a disposi\u00e7\u00e3o de todos os interessados na Prefeitura Municipal, onde poder\u00e3o obt\u00ea-lo. Para conhecimento de todos os interessados, expediu-se o presente que ser\u00e1 afixado no lugar de costume, publicando-se na forma da lei. DESCOBERTO, 21 de fevereiro de 2018.<\/p>\n","protected":false},"excerpt":{"rendered":"<p>PREFEITURA MUNICIPAL DE DESCOBERTOAVISO DE LICITA\u00c7\u00c3OLicita\u00e7\u00e3o n\u00b0 009\/2018Modalidade de Concorr\u00eancia n\u00b0 001\/2018O Munic\u00edpio de DESCOBERTO, na forma da lei, faz saber a todos quantos o presente edital virem, ou dele conhecimento tiverem, que a partir das 09:00h do dia 09 de abril de 2018, na Prefeitura Municipal na sala da comiss\u00e3o de licita\u00e7\u00e3o, localizada na [&hellip;]<\/p>\n","protected":false},"author":96,"featured_media":0,"comment_status":"closed","ping_status":"closed","sticky":false,"template":"","format":"standard","meta":{"footnotes":""},"categories":[307],"tags":[],"class_list":["post-92352","post","type-post","status-publish","format-standard","hentry","category-editais"],"_links":{"self":[{"href":"https:\/\/diarioregionaldigital.com.br\/index.php?rest_route=\/wp\/v2\/posts\/92352","targetHints":{"allow":["GET"]}}],"collection":[{"href":"https:\/\/diarioregionaldigital.com.br\/index.php?rest_route=\/wp\/v2\/posts"}],"about":[{"href":"https:\/\/diarioregionaldigital.com.br\/index.php?rest_route=\/wp\/v2\/types\/post"}],"author":[{"embeddable":true,"href":"https:\/\/diarioregionaldigital.com.br\/index.php?rest_route=\/wp\/v2\/users\/96"}],"replies":[{"embeddable":true,"href":"https:\/\/diarioregionaldigital.com.br\/index.php?rest_route=%2Fwp%2Fv2%2Fcomments&post=92352"}],"version-history":[{"count":0,"href":"https:\/\/diarioregionaldigital.com.br\/index.php?rest_route=\/wp\/v2\/posts\/92352\/revisions"}],"wp:attachment":[{"href":"https:\/\/diarioregionaldigital.com.br\/index.php?rest_route=%2Fwp%2Fv2%2Fmedia&parent=92352"}],"wp:term":[{"taxonomy":"category","embeddable":true,"href":"https:\/\/diarioregionaldigital.com.br\/index.php?rest_route=%2Fwp%2Fv2%2Fcategories&post=92352"},{"taxonomy":"post_tag","embeddable":true,"href":"https:\/\/diarioregionaldigital.com.br\/index.php?rest_route=%2Fwp%2Fv2%2Ftags&post=92352"}],"curies":[{"name":"wp","href":"https:\/\/api.w.org\/{rel}","templated":true}]}}