{"id":92351,"date":"2018-02-21T21:11:44","date_gmt":"2018-02-22T00:11:44","guid":{"rendered":"http:\/\/diarioregionaljf.com.br\/2018\/02\/21\/prefeitura-municipal-de-coronel-pacheco-pp-007-2017-22-02-1818\/"},"modified":"2018-08-13T20:36:44","modified_gmt":"2018-08-13T23:36:44","slug":"prefeitura-municipal-de-coronel-pacheco-pp-007-2017-22-02-1818","status":"publish","type":"post","link":"https:\/\/diarioregionaldigital.com.br\/?p=92351","title":{"rendered":"Prefeitura Municipal de Coronel Pacheco PP 007\/2017 22\/02\/18"},"content":{"rendered":"<p class=\"h4\" style=\"text-align: center;\">AVISO DE LICITA\u00c7\u00c3O<\/p>\n<p class=\"h4\" style=\"text-align: center;\">Preg\u00e3o Presencial 007\/2018 para registro pre\u00e7os<\/p>\n<p style=\"text-align: center;\">O Munic\u00edpio de Coronel Pacheco, por interm\u00e9dio do Pregoeiro Municipal, torna p\u00fablica a realiza\u00e7\u00e3o de PREG\u00c3O PRESENCIAL no dia e hor\u00e1rio abaixo relacionados:<br \/>OBJETO: Registro de pre\u00e7os, com a finalidade de selecionar propostas por lote para futuras e eventuais aquisi\u00e7oes de medicamentos eticos\/refer\u00eancia, por maior desconto percentual sobre a tabela CMED\/ANVISA, para atender a Secretaria Municipal de Sa\u00fade.<\/p>\n<p style=\"text-align: center;\">ABERTURA DOS ENVELOPES: 06 de mar\u00e7o de 2018<\/p>\n<p style=\"text-align: center;\">HOR\u00c1RIO: 10:00h<\/p>\n<p style=\"text-align: center;\">Os interessados poder\u00e3o obter maiores informa\u00e7\u00f5es no setor de licita\u00e7\u00f5es da Prefeitura Municipal de Coronel Pacheco, com sede na Pra\u00e7a Carlos Chagas, n\u00ba 01, Centro, Tel: (32) 3258-1112.<\/p>\n<p style=\"text-align: center;\">Emerson Correa Gomes<br \/>Pregoeiro<\/p>\n","protected":false},"excerpt":{"rendered":"<p>AVISO DE LICITA\u00c7\u00c3O Preg\u00e3o Presencial 007\/2018 para registro pre\u00e7os O Munic\u00edpio de Coronel Pacheco, por interm\u00e9dio do Pregoeiro Municipal, torna p\u00fablica a realiza\u00e7\u00e3o de PREG\u00c3O PRESENCIAL no dia e hor\u00e1rio abaixo relacionados:OBJETO: Registro de pre\u00e7os, com a finalidade de selecionar propostas por lote para futuras e eventuais aquisi\u00e7oes de medicamentos eticos\/refer\u00eancia, por maior desconto percentual [&hellip;]<\/p>\n","protected":false},"author":96,"featured_media":0,"comment_status":"closed","ping_status":"closed","sticky":false,"template":"","format":"standard","meta":{"footnotes":""},"categories":[307],"tags":[],"class_list":["post-92351","post","type-post","status-publish","format-standard","hentry","category-editais"],"_links":{"self":[{"href":"https:\/\/diarioregionaldigital.com.br\/index.php?rest_route=\/wp\/v2\/posts\/92351","targetHints":{"allow":["GET"]}}],"collection":[{"href":"https:\/\/diarioregionaldigital.com.br\/index.php?rest_route=\/wp\/v2\/posts"}],"about":[{"href":"https:\/\/diarioregionaldigital.com.br\/index.php?rest_route=\/wp\/v2\/types\/post"}],"author":[{"embeddable":true,"href":"https:\/\/diarioregionaldigital.com.br\/index.php?rest_route=\/wp\/v2\/users\/96"}],"replies":[{"embeddable":true,"href":"https:\/\/diarioregionaldigital.com.br\/index.php?rest_route=%2Fwp%2Fv2%2Fcomments&post=92351"}],"version-history":[{"count":0,"href":"https:\/\/diarioregionaldigital.com.br\/index.php?rest_route=\/wp\/v2\/posts\/92351\/revisions"}],"wp:attachment":[{"href":"https:\/\/diarioregionaldigital.com.br\/index.php?rest_route=%2Fwp%2Fv2%2Fmedia&parent=92351"}],"wp:term":[{"taxonomy":"category","embeddable":true,"href":"https:\/\/diarioregionaldigital.com.br\/index.php?rest_route=%2Fwp%2Fv2%2Fcategories&post=92351"},{"taxonomy":"post_tag","embeddable":true,"href":"https:\/\/diarioregionaldigital.com.br\/index.php?rest_route=%2Fwp%2Fv2%2Ftags&post=92351"}],"curies":[{"name":"wp","href":"https:\/\/api.w.org\/{rel}","templated":true}]}}