{"id":92350,"date":"2018-02-21T21:10:55","date_gmt":"2018-02-22T00:10:55","guid":{"rendered":"http:\/\/diarioregionaljf.com.br\/2018\/02\/21\/audiencia-publica-debate-restricao-de-estacionamento-durante-evento-religioso\/"},"modified":"2018-02-21T21:10:55","modified_gmt":"2018-02-22T00:10:55","slug":"audiencia-publica-debate-restricao-de-estacionamento-durante-evento-religioso","status":"publish","type":"post","link":"https:\/\/diarioregionaldigital.com.br\/?p=92350","title":{"rendered":"Audi\u00eancia P\u00fablica debate restri\u00e7\u00e3o de estacionamento durante evento religioso"},"content":{"rendered":"<p>A restri\u00e7\u00e3o de estacionamento de ve\u00edculos nas vias p\u00fablicas das proximidades do Mariano Hall (MHall), no bairro Mariano Proc\u00f3pio, regi\u00e3o central, foi discutida durante audi\u00eancia p\u00fablica realizada na noite dessa quarta-feira, 21, no plen\u00e1rio da C\u00e2mara Municipal. O encontro, proposto pelo vereador Luiz Ot\u00e1vio Fernandes Coelho (Pardal-PTC), atendeu \u00e0 demanda da Comunidade Resgate, que, nas segundas-feiras de cada m\u00eas, a partir das 19 horas, realiza encontros religiosos no local.<\/p>\n<p>\u201cObservamos que ao longo da Avenida Brasil, do trecho que compreende a ponte de Santa Terezinha at\u00e9 Rua Benjamin Constant, existem v\u00e1rios templos religiosos que concentram v\u00e1rias pessoas, sejam elas cat\u00f3licas ou evang\u00e9licas, mas que utilizam a via em dias excepcionais para estacionar seus ve\u00edculos e vivenciar seus momentos de f\u00e9. Entretanto, temos a informa\u00e7\u00e3o de que a Secretaria de Transporte e Tr\u00e2nsito (Settra) tem penalizado esses condutores\u201d, diz o parlamentar.<\/p>\n<p>O estacionamento do MHall comporta cerca de 180 carros, mas, segundo o vereador, n\u00e3o tem sido suficiente para atender a popula\u00e7\u00e3o. \u201cO espa\u00e7o destinado para os carros n\u00e3o \u00e9 capaz de acomodar os fi\u00e9is. E a rua possui sinaliza\u00e7\u00e3o que restringem a parada de carros. Esperamos que a Settra viabilize o estacionamento nas vias para a comunidade, nem que seja por cerca de duas horas, durante a segunda-feira. Logicamente que a seguran\u00e7a de todos deve ser levada em conta, e a secretaria tem condi\u00e7\u00f5es de organizar um esquema nesse n\u00edvel, como j\u00e1 faz em outras partes da cidade\u201d, refor\u00e7a Pardal.<\/p>\n<p>De acordo com Carolina Drumond Andrade Ribeiro, respons\u00e1vel pelos eventos da comunidade, a situa\u00e7\u00e3o de sido corriqueira. \u201cAs pessoas comparecem, mas nem todas conseguem lugar para estacionar o carro. Tivemos casos de fies que vieram do Rio de Janeiro e de outras cidades da regi\u00e3o, como Barbacena, Santos Dumont e Mar de Espanha, mas que voltaram para casa. \u00c9 uma situa\u00e7\u00e3o que prejudica at\u00e9 quem \u00e9 de Juiz de Fora. Todas as segundas, entre mil e duas mil pessoas participam da missa\u201d, explica.<\/p>\n","protected":false},"excerpt":{"rendered":"<p>A restri\u00e7\u00e3o de estacionamento de ve\u00edculos nas vias p\u00fablicas das proximidades do Mariano Hall (MHall), no bairro Mariano Proc\u00f3pio, regi\u00e3o central, foi discutida durante audi\u00eancia p\u00fablica realizada na noite dessa quarta-feira, 21, no plen\u00e1rio da C\u00e2mara Municipal. O encontro, proposto pelo vereador Luiz Ot\u00e1vio Fernandes Coelho (Pardal-PTC), atendeu \u00e0 demanda da Comunidade Resgate, que, nas [&hellip;]<\/p>\n","protected":false},"author":96,"featured_media":0,"comment_status":"closed","ping_status":"closed","sticky":false,"template":"","format":"standard","meta":{"footnotes":""},"categories":[253],"tags":[],"class_list":["post-92350","post","type-post","status-publish","format-standard","hentry","category-cidade"],"_links":{"self":[{"href":"https:\/\/diarioregionaldigital.com.br\/index.php?rest_route=\/wp\/v2\/posts\/92350","targetHints":{"allow":["GET"]}}],"collection":[{"href":"https:\/\/diarioregionaldigital.com.br\/index.php?rest_route=\/wp\/v2\/posts"}],"about":[{"href":"https:\/\/diarioregionaldigital.com.br\/index.php?rest_route=\/wp\/v2\/types\/post"}],"author":[{"embeddable":true,"href":"https:\/\/diarioregionaldigital.com.br\/index.php?rest_route=\/wp\/v2\/users\/96"}],"replies":[{"embeddable":true,"href":"https:\/\/diarioregionaldigital.com.br\/index.php?rest_route=%2Fwp%2Fv2%2Fcomments&post=92350"}],"version-history":[{"count":0,"href":"https:\/\/diarioregionaldigital.com.br\/index.php?rest_route=\/wp\/v2\/posts\/92350\/revisions"}],"wp:attachment":[{"href":"https:\/\/diarioregionaldigital.com.br\/index.php?rest_route=%2Fwp%2Fv2%2Fmedia&parent=92350"}],"wp:term":[{"taxonomy":"category","embeddable":true,"href":"https:\/\/diarioregionaldigital.com.br\/index.php?rest_route=%2Fwp%2Fv2%2Fcategories&post=92350"},{"taxonomy":"post_tag","embeddable":true,"href":"https:\/\/diarioregionaldigital.com.br\/index.php?rest_route=%2Fwp%2Fv2%2Ftags&post=92350"}],"curies":[{"name":"wp","href":"https:\/\/api.w.org\/{rel}","templated":true}]}}