{"id":92349,"date":"2018-02-21T21:10:32","date_gmt":"2018-02-22T00:10:32","guid":{"rendered":"http:\/\/diarioregionaljf.com.br\/2018\/02\/21\/prefeitura-municipal-de-coronel-pacheco-tomada-de-preco-002-2018-22-02-18\/"},"modified":"2018-08-13T20:36:44","modified_gmt":"2018-08-13T23:36:44","slug":"prefeitura-municipal-de-coronel-pacheco-tomada-de-preco-002-2018-22-02-18","status":"publish","type":"post","link":"https:\/\/diarioregionaldigital.com.br\/?p=92349","title":{"rendered":"Prefeitura Municipal de Coronel Pacheco Tomada de Pre\u00e7o 002\/2018 22\/02\/18"},"content":{"rendered":"<p class=\"h4\" style=\"text-align: center;\">AVISO DE LICITA\u00c7\u00c3O<\/p>\n<p class=\"h4\" style=\"text-align: center;\">TOMADA DE PRE\u00c7OS 002\/2018<\/p>\n<p style=\"text-align: center;\">O Munic\u00edpio de Coronel Pacheco, por interm\u00e9dio da Comiss\u00e3o Permanente de Licita\u00e7\u00e3o, torna p\u00fablica a realiza\u00e7\u00e3o de LICITA\u00c7\u00c3O no dia e hor\u00e1rio abaixo relacionados:<br \/>OBJETO: Aquisi\u00e7\u00e3o de medicamentos<\/p>\n<p style=\"text-align: center;\">TIPO: MENOR PRE\u00c7O POR ITEM<\/p>\n<p style=\"text-align: center;\">ABERTURA DOS ENVELOPES: 09 de mar\u00e7o de 2018<\/p>\n<p style=\"text-align: center;\">HOR\u00c1RIO: 10:00h<\/p>\n<p style=\"text-align: center;\">Os interessados poder\u00e3o obter maiores informa\u00e7\u00f5es no setor de licita\u00e7\u00f5es da Prefeitura Municipal de Coronel Pacheco, com sede na Pra\u00e7a Carlos Chagas, sn\u00ba , Centro, Tel: (32) 3258-1112 ou 32581131.<\/p>\n<p style=\"text-align: center;\">Dener Henrique da Costa<br \/>Presidente da Comiss\u00e3o de Licita\u00e7\u00e3o<\/p>\n","protected":false},"excerpt":{"rendered":"<p>AVISO DE LICITA\u00c7\u00c3O TOMADA DE PRE\u00c7OS 002\/2018 O Munic\u00edpio de Coronel Pacheco, por interm\u00e9dio da Comiss\u00e3o Permanente de Licita\u00e7\u00e3o, torna p\u00fablica a realiza\u00e7\u00e3o de LICITA\u00c7\u00c3O no dia e hor\u00e1rio abaixo relacionados:OBJETO: Aquisi\u00e7\u00e3o de medicamentos TIPO: MENOR PRE\u00c7O POR ITEM ABERTURA DOS ENVELOPES: 09 de mar\u00e7o de 2018 HOR\u00c1RIO: 10:00h Os interessados poder\u00e3o obter maiores informa\u00e7\u00f5es [&hellip;]<\/p>\n","protected":false},"author":96,"featured_media":0,"comment_status":"closed","ping_status":"closed","sticky":false,"template":"","format":"standard","meta":{"footnotes":""},"categories":[307],"tags":[],"class_list":["post-92349","post","type-post","status-publish","format-standard","hentry","category-editais"],"_links":{"self":[{"href":"https:\/\/diarioregionaldigital.com.br\/index.php?rest_route=\/wp\/v2\/posts\/92349","targetHints":{"allow":["GET"]}}],"collection":[{"href":"https:\/\/diarioregionaldigital.com.br\/index.php?rest_route=\/wp\/v2\/posts"}],"about":[{"href":"https:\/\/diarioregionaldigital.com.br\/index.php?rest_route=\/wp\/v2\/types\/post"}],"author":[{"embeddable":true,"href":"https:\/\/diarioregionaldigital.com.br\/index.php?rest_route=\/wp\/v2\/users\/96"}],"replies":[{"embeddable":true,"href":"https:\/\/diarioregionaldigital.com.br\/index.php?rest_route=%2Fwp%2Fv2%2Fcomments&post=92349"}],"version-history":[{"count":0,"href":"https:\/\/diarioregionaldigital.com.br\/index.php?rest_route=\/wp\/v2\/posts\/92349\/revisions"}],"wp:attachment":[{"href":"https:\/\/diarioregionaldigital.com.br\/index.php?rest_route=%2Fwp%2Fv2%2Fmedia&parent=92349"}],"wp:term":[{"taxonomy":"category","embeddable":true,"href":"https:\/\/diarioregionaldigital.com.br\/index.php?rest_route=%2Fwp%2Fv2%2Fcategories&post=92349"},{"taxonomy":"post_tag","embeddable":true,"href":"https:\/\/diarioregionaldigital.com.br\/index.php?rest_route=%2Fwp%2Fv2%2Ftags&post=92349"}],"curies":[{"name":"wp","href":"https:\/\/api.w.org\/{rel}","templated":true}]}}