{"id":92348,"date":"2018-02-21T21:08:53","date_gmt":"2018-02-22T00:08:53","guid":{"rendered":"http:\/\/diarioregionaljf.com.br\/2018\/02\/21\/brasil-conquista-o-bicampeonato-do-circuito-sul-americano-de-volei-de-praia-feminino-no-chile\/"},"modified":"2018-02-21T21:08:53","modified_gmt":"2018-02-22T00:08:53","slug":"brasil-conquista-o-bicampeonato-do-circuito-sul-americano-de-volei-de-praia-feminino-no-chile","status":"publish","type":"post","link":"https:\/\/diarioregionaldigital.com.br\/?p=92348","title":{"rendered":"Brasil conquista o bicampeonato do Circuito Sul-Americano de V\u00f4lei de Praia Feminino no Chile"},"content":{"rendered":"<p>O Brasil subiu ao lugar mais alto do p\u00f3dio pela terceira vez consecutiva na temporada 2018 do Circuito Sul-Americano de v\u00f4lei de praia entre as mulheres. Ana Patr\u00edcia e Rebecca (MG\/CE) conquistaram o t\u00edtulo da etapa do Chile no \u00faltimo fim de semana, ao vencerem de virada as paraguaias Michelle e Erika por 2 sets a 1 (19\/21, 21\/9, 15\/12). Os jogos foram disputados na prov\u00edncia de Coquimbo. No masculino, o Brasil terminou na quinta coloca\u00e7\u00e3o.<\/p>\n<p>Ana Patr\u00edcia e Rebecca j\u00e1 haviam vencido a etapa de Nova Vi\u00e7osa (BA), na abertura da temporada. A dupla tamb\u00e9m comemora um bicampeonato em Coquimbo, j\u00e1 que venceu a etapa chilena em 2017. Ap\u00f3s a conquista do ouro, que mant\u00e9m o Brasil com boa vantagem na lideran\u00e7a do ranking geral, Ana Patr\u00edcia comentou o desempenho e a evolu\u00e7\u00e3o do time.<\/p>\n<p>\u201cEstamos muito felizes, conseguir chegar \u00e0 final e vencer pelo segundo ano consecutivo \u00e9 excelente. \u00c9 importante para confirmar a forte prepara\u00e7\u00e3o que temos feito, por ser mais uma medalha ao nosso pa\u00eds e tamb\u00e9m somar pontos pensando no Circuito Mundial. Elas fizeram um grande primeiro set, mas conseguimos ajustar o que havia de errado, fomos nos ajudando. No tie-break o jogo fluiu como deveria e conseguimos levar esse ouro para casa\u201d.<\/p>\n<p>Al\u00e9m da final, Ana e Rebecca disputaram neste domingo a semifinal do torneio. Elas superaram as colombianas Diana e Yuli por 2 sets a 0 (21\/11, 21\/17), horas antes de ganharem o ouro. Foram seis vit\u00f3rias em seis jogos na campanha de Coquimbo, perdendo apenas o set na final.<\/p>\n<p>O ouro deixa o Brasil com 600 pontos no ranking geral feminino ap\u00f3s tr\u00eas etapas disputadas, com o Paraguai em segundo, somando 480. No naipe masculino, o Brasil soma 500 pontos aparece em segundo lugar, atr\u00e1s da Argentina, que com a prata em Coquimbo chegou aos 520 pontos no ranking que soma o resultado de todas as etapas.<\/p>\n<p>Outros tr\u00eas times representaram o Brasil em Coquimbo. Fernand\u00e3o e Ramon Gomes, prata na primeira etapa da temporada, em Nova Vi\u00e7osa, foram superados nas quartas de final. J\u00e1 Nicolas\/Gabriel Zuliani (PR) e Fernanda e Maria Clara (BA\/RJ) ficaram na primeira fase. As duas duplas s\u00e3o formadas por jovens, convocados para adquirirem experi\u00eancia internacional.<\/p>\n<p>Ao todo s\u00e3o seis etapas do Circuito Sul-Americano para os dois naipes, e dois torneios \u2018Finals\u2019 contando apenas com um naipe cada.<\/p>\n<p>O ranking geral do Circuito Sul-Americano \u00e9 feito apenas para os pa\u00edses, contando a pontua\u00e7\u00e3o da dupla mais bem colocada das na\u00e7\u00f5es em cada parada, mesmo que um pa\u00eds tenha mais de uma dupla no p\u00f3dio. Os campe\u00f5es de cada torneio somam 200 pontos, o vice, 180, o terceiro colocado, 160, reduzindo 20 pontos em cada posi\u00e7\u00e3o seguinte.<\/p>\n<p><strong>&nbsp;<\/strong><\/p>\n<p><strong>CIRCUITO SUL-AMERICANO 2018:<\/strong><\/p>\n<p><em><strong>&nbsp;<\/strong><\/em><\/p>\n<p><em><strong>1\u00aa etapa &#8211; Nova Vi\u00e7osa (Brasil)<\/strong><\/em><em><\/p>\n<p> <\/em><\/p>\n<p><strong>Feminino<br \/> <\/strong>Ana Patr\u00edcia\/Rebecca (MG\/CE) &#8211; ouro<br \/> Tain\u00e1\/Victoria (SE\/MS) &#8211; prata<br \/> Josi\/Lili &#8211; bronze<\/p>\n<p><strong>Masculino<br \/> <\/strong>Fernand\u00e3o\/Ramon Gomes &#8211; prata<\/p>\n<p><em><strong>2\u00aa etapa &#8211; Ros\u00e1rio (Argentina)<\/strong><\/em><br \/> <strong>Feminino<\/strong><br \/> Tain\u00e1\/Victoria (SE\/MS) &#8211; ouro<\/p>\n<p><strong>Masculino<br \/> <\/strong>\u00c1lvaro Filho\/Saymon (PB\/MS) &#8211; ouro<\/p>\n<p><strong>3\u00aa etapa &#8211; Coquimbo (Chile)<\/strong><br \/> <strong>Feminino<\/strong><br \/> Ana Patr\u00edcia\/Rebecca (MG\/CE) &#8211; ouro<\/p>\n","protected":false},"excerpt":{"rendered":"<p>O Brasil subiu ao lugar mais alto do p\u00f3dio pela terceira vez consecutiva na temporada 2018 do Circuito Sul-Americano de v\u00f4lei de praia entre as mulheres. Ana Patr\u00edcia e Rebecca (MG\/CE) conquistaram o t\u00edtulo da etapa do Chile no \u00faltimo fim de semana, ao vencerem de virada as paraguaias Michelle e Erika por 2 sets [&hellip;]<\/p>\n","protected":false},"author":96,"featured_media":92347,"comment_status":"closed","ping_status":"closed","sticky":false,"template":"","format":"standard","meta":{"footnotes":""},"categories":[257],"tags":[],"class_list":["post-92348","post","type-post","status-publish","format-standard","has-post-thumbnail","hentry","category-esporte"],"_links":{"self":[{"href":"https:\/\/diarioregionaldigital.com.br\/index.php?rest_route=\/wp\/v2\/posts\/92348","targetHints":{"allow":["GET"]}}],"collection":[{"href":"https:\/\/diarioregionaldigital.com.br\/index.php?rest_route=\/wp\/v2\/posts"}],"about":[{"href":"https:\/\/diarioregionaldigital.com.br\/index.php?rest_route=\/wp\/v2\/types\/post"}],"author":[{"embeddable":true,"href":"https:\/\/diarioregionaldigital.com.br\/index.php?rest_route=\/wp\/v2\/users\/96"}],"replies":[{"embeddable":true,"href":"https:\/\/diarioregionaldigital.com.br\/index.php?rest_route=%2Fwp%2Fv2%2Fcomments&post=92348"}],"version-history":[{"count":0,"href":"https:\/\/diarioregionaldigital.com.br\/index.php?rest_route=\/wp\/v2\/posts\/92348\/revisions"}],"wp:featuredmedia":[{"embeddable":true,"href":"https:\/\/diarioregionaldigital.com.br\/index.php?rest_route=\/wp\/v2\/media\/92347"}],"wp:attachment":[{"href":"https:\/\/diarioregionaldigital.com.br\/index.php?rest_route=%2Fwp%2Fv2%2Fmedia&parent=92348"}],"wp:term":[{"taxonomy":"category","embeddable":true,"href":"https:\/\/diarioregionaldigital.com.br\/index.php?rest_route=%2Fwp%2Fv2%2Fcategories&post=92348"},{"taxonomy":"post_tag","embeddable":true,"href":"https:\/\/diarioregionaldigital.com.br\/index.php?rest_route=%2Fwp%2Fv2%2Ftags&post=92348"}],"curies":[{"name":"wp","href":"https:\/\/api.w.org\/{rel}","templated":true}]}}