{"id":92346,"date":"2018-02-21T21:08:50","date_gmt":"2018-02-22T00:08:50","guid":{"rendered":"http:\/\/diarioregionaljf.com.br\/2018\/02\/21\/cartorio-benfica-22-02-18\/"},"modified":"2018-08-13T20:36:44","modified_gmt":"2018-08-13T23:36:44","slug":"cartorio-benfica-22-02-18","status":"publish","type":"post","link":"https:\/\/diarioregionaldigital.com.br\/?p=92346","title":{"rendered":"Cart\u00f3rio Benfica 22\/02\/18"},"content":{"rendered":"<p class=\"h4\">REP\u00daBLICA FEDERATIVA DO BRASIL ESTADO DE MINAS GERAIS<\/p>\n<p class=\"h4\">Cart\u00f3rio de Registro Civil 3\u00ba Subdistrito &#8211; Juiz de Fora MG Oficial Titular: Mariana Sad Albuquerque e Castro<\/p>\n<p class=\"h4\">Rua Tom\u00e9 de Souza, 49 &#8211; Lj 03 Benfica<br \/>36090270 &#8211; Juiz de Fora &#8211; MG<\/p>\n<p>Faz saber que pretendem casar-se:<\/p>\n<p>01 &#8211; CL\u00c1UDIO LEANDRO RODRIGUES, resid\u00eancia Rua Doutor Fel\u00edcio Pifano, n\u00ba46, casa 01, Jardim dos Alfineiros, Juiz de Fora-MG; e \u00c9RICA LUCIENE DE OLIVEIRA, resid\u00eancia Rua Doutor Fel\u00edcio Pifano, n\u00ba46, casa 01, Jardim dos Alfineiros, Juiz de Fora-MG<\/p>\n<p>02 &#8211; DANILO CL\u00c1UDIO DE ANDRADE, resid\u00eancia Rua Jos\u00e9 Gustavo do Nascimento, n\u00ba22 cs 01, Nova Era, Juiz de Fora-MG; e AILA CRISTINA FERNANDES DOMINGOS, resid\u00eancia Rua Sebasti\u00e3o Roberto Schineider, n\u00ba19, Santa Cruz, Juiz de Fora-MG<\/p>\n<p>03 &#8211; JOSE LUIZ FERREIRA, resid\u00eancia Rua Jos\u00e9 Marini de Souza, 355, Santa L\u00facia, Juiz de Fora-MG; e RENATA DA SILVA, resid\u00eancia Rua Jos\u00e9 Marini de Souza, 355, Santa L\u00facia, Juiz de Fora-MG<\/p>\n<p>04 &#8211; LEONARDO PEREIRA DE OLIVEIRA, resid\u00eancia Rua C\u00e9lio Braga de Ara\u00fajo, 59, S\u00e3o Dami\u00e3o, Juiz de Fora-MG; e CRISTINA CAMPOS, resid\u00eancia Rua C\u00e9lio Braga de Ara\u00fajo, 59, S\u00e3o Dami\u00e3o, Juiz de Fora-MG<\/p>\n<p>05 &#8211; M\u00c1RCIO ANTONIO DA SILVA, resid\u00eancia Rua Carlos Alves Moreira, n\u00ba60, Vila Esperan\u00e7a II, Juiz de Fora-MG; e AMANDA CRISTINA CABRAL LIMA, resid\u00eancia Rua Carlos Alves Moreira, n\u00ba60, Vila Esperan\u00e7a II, Juiz de Fora-MG<\/p>\n<p>06 &#8211; ROBSON ADILSON FERREIRA, resid\u00eancia Rua Walter Nogueira de Carvalho, n\u00ba15, Nova Era, Juiz de Fora-MG; e ARIANE APARECIDA MENDES DE BRITO, resid\u00eancia Rua Pedro Cardoso, n\u00ba235, S\u00e3o Judas Tadeu, Juiz de Fora-MG<\/p>\n<p>07 &#8211; V\u00c2NIO DE JESUS NASCIMENTO, resid\u00eancia Rua da Esta\u00e7\u00e3o, n\u00ba220, Igrejinha, Juiz de Fora-MG; e ANA CAROLINA DAMI\u00c3O DE SOUZA, resid\u00eancia Rua da Esta\u00e7\u00e3o, n\u00ba220, Igrejinha, Juiz de Fora-MG<\/p>\n<p>08 &#8211; WADSON L\u00daCIO DA SILVA, resid\u00eancia Rua Joaquim Belmiro Pereira, n\u00ba40, Vila Esperan\u00e7a II, Juiz de Fora-MG; e ISABELLE CRISTINA CUST\u00d3DIO DE JESUS, resid\u00eancia Rua Jo\u00e3o Ribeiro de Novaes, n\u00ba428, Vila ESperan\u00e7a I, Juiz de Fora-MG<\/p>\n<p>Os contraentes apresentaram os documentos exigidos pelo art.1525 do C\u00f3digo Civil Brasileiro. Se algu\u00e9m souber de algum impedimento, que os impe\u00e7am de se casar, que o fa\u00e7a na forma da Lei:<\/p>\n<p>Juiz de Fora, 21\/02\/2018<\/p>\n<p>MARIANA SAD ALBUQUERQUE E CASTRO<br \/>Oficial do Registro Civil<br \/>Cartosoft &#8211; Automa\u00e7\u00e3o de Cart\u00f3rios do Registro Civil www.cartosoft.com.br<\/p>\n","protected":false},"excerpt":{"rendered":"<p>REP\u00daBLICA FEDERATIVA DO BRASIL ESTADO DE MINAS GERAIS Cart\u00f3rio de Registro Civil 3\u00ba Subdistrito &#8211; Juiz de Fora MG Oficial Titular: Mariana Sad Albuquerque e Castro Rua Tom\u00e9 de Souza, 49 &#8211; Lj 03 Benfica36090270 &#8211; Juiz de Fora &#8211; MG Faz saber que pretendem casar-se: 01 &#8211; CL\u00c1UDIO LEANDRO RODRIGUES, resid\u00eancia Rua Doutor Fel\u00edcio [&hellip;]<\/p>\n","protected":false},"author":96,"featured_media":0,"comment_status":"closed","ping_status":"closed","sticky":false,"template":"","format":"standard","meta":{"footnotes":""},"categories":[307],"tags":[],"class_list":["post-92346","post","type-post","status-publish","format-standard","hentry","category-editais"],"_links":{"self":[{"href":"https:\/\/diarioregionaldigital.com.br\/index.php?rest_route=\/wp\/v2\/posts\/92346","targetHints":{"allow":["GET"]}}],"collection":[{"href":"https:\/\/diarioregionaldigital.com.br\/index.php?rest_route=\/wp\/v2\/posts"}],"about":[{"href":"https:\/\/diarioregionaldigital.com.br\/index.php?rest_route=\/wp\/v2\/types\/post"}],"author":[{"embeddable":true,"href":"https:\/\/diarioregionaldigital.com.br\/index.php?rest_route=\/wp\/v2\/users\/96"}],"replies":[{"embeddable":true,"href":"https:\/\/diarioregionaldigital.com.br\/index.php?rest_route=%2Fwp%2Fv2%2Fcomments&post=92346"}],"version-history":[{"count":0,"href":"https:\/\/diarioregionaldigital.com.br\/index.php?rest_route=\/wp\/v2\/posts\/92346\/revisions"}],"wp:attachment":[{"href":"https:\/\/diarioregionaldigital.com.br\/index.php?rest_route=%2Fwp%2Fv2%2Fmedia&parent=92346"}],"wp:term":[{"taxonomy":"category","embeddable":true,"href":"https:\/\/diarioregionaldigital.com.br\/index.php?rest_route=%2Fwp%2Fv2%2Fcategories&post=92346"},{"taxonomy":"post_tag","embeddable":true,"href":"https:\/\/diarioregionaldigital.com.br\/index.php?rest_route=%2Fwp%2Fv2%2Ftags&post=92346"}],"curies":[{"name":"wp","href":"https:\/\/api.w.org\/{rel}","templated":true}]}}