{"id":92344,"date":"2018-02-21T21:05:45","date_gmt":"2018-02-22T00:05:45","guid":{"rendered":"http:\/\/diarioregionaljf.com.br\/2018\/02\/21\/cartorio-cobucci-22-02-18\/"},"modified":"2018-08-13T20:36:45","modified_gmt":"2018-08-13T23:36:45","slug":"cartorio-cobucci-22-02-18","status":"publish","type":"post","link":"https:\/\/diarioregionaldigital.com.br\/?p=92344","title":{"rendered":"Cartorio Cobucci 22\/02\/18"},"content":{"rendered":"<p class=\"h4\">REP\u00daBLICA FEDERATIVA DO BRASIL ESTADO DE MINAS GERAIS<\/p>\n<p class=\"h4\">REGISTRO CIVIL DAS PESSOAS NATURAIS, INTERDI\u00c7\u00d5ES E TUTELAS 1\u00ba SUBDISTRITO<\/p>\n<p class=\"h4\">Oficial Titular: JOS\u00c9 THADEU MACHADO COBUCCI<\/p>\n<p class=\"h4\">Av. Pres. Itamar Franco, 1.522 Centro<br \/>36016-320 &#8211; Juiz de Fora \u2013 MG<\/p>\n<p>Faz saber que pretendem casar-se:<\/p>\n<p>01 &#8211; LUCAS LEITE DE AQUINO, maior, Policial Militar, resid\u00eancia Travessa Filonila Carlota de Jesus, 28, Olavo Costa, Juiz de Fora-MG e ANA MARIA SANDES SOUZA, maior, empres\u00e1ria, resid\u00eancia Travessa Filonila Carlota de Jesus, 28, Olavo Costa, Juiz de Fora-MG<\/p>\n<p>02 &#8211; MARCOS VINICIUS CHAVES DE SOUZA MENDES, maior, ferrovi\u00e1rio, resid\u00eancia Av. Presidente Itamar Franco, 1983\/602,, S\u00e3o Mateus, Juiz de Fora-MG e TATIANA CASALI RIBEIRO, maior, arquiteta, resid\u00eancia Av. Presidente Itamar Franco, 1983\/602,, S\u00e3o Mateus, Juiz de Fora-MG<\/p>\n<p>03 &#8211; CLEBERSON DO CARMO NETO, maior, servidor p\u00fablico, resid\u00eancia Rua Aurora Torres, 461, Santa Luzia, Juiz de Fora-MG e ARLENE MOREIRA, maior, auxiliar administrativo, resid\u00eancia Rua Aurora Torres, 461, Santa Luzia, Juiz de Fora-MG<\/p>\n<p>04 &#8211; DOMINGOS CARLOS VIDAL BARRA PIPPA, maior, servidor p\u00fablico, resid\u00eancia Avenida Bar\u00e3o do Rio Branco, 5026\/900, Alto dos Passos, Juiz de Fora-MG e JAZIELI DA SILVA, maior, atendente de vendas, resid\u00eancia Avenida Bar\u00e3o do Rio Branco, 5026\/900, Alto dos Passos, Juiz de Fora-MG<\/p>\n<p>05 &#8211; FERNANDO ROSA COSTA, maior, auxiliar de L.A, resid\u00eancia Rua Nair de Castro Cunha, 92\/402,, Cascatinha, Juiz de Fora-MG e DAIANA L\u00daCIA GUIDINI, maior, caixa operadora, resid\u00eancia Rua Nair de Castro Cunha, 92\/402,, Cascatinha, Juiz de Fora-MG<\/p>\n<p>06 &#8211; RICHARDSON MOREIRA DO NASCIMENTO, maior, militar, resid\u00eancia Rua Renato Dias, 251\/1404, Bom Pastor, Juiz de Fora-MG e LARISSE PIMENTA MIANA, maior, cirurgi\u00e3-dentista, resid\u00eancia Rua Renato Dias, 251\/1404, Bom Pastor, Juiz de Fora-MG<\/p>\n<p>07 &#8211; VINICIUS ALVES LANNA, maior, impressor digital, resid\u00eancia Rua Erv\u00e1lia, 16,, S\u00e3o Pedro, Juiz de Fora-MG e VANESSA FRAGA CAETANO, maior, vendedora, resid\u00eancia Rua Erv\u00e1lia, 16,, S\u00e3o Pedro, Juiz de Fora-MG<\/p>\n<p>08 &#8211; CARLOS EDUARDO DE AZEVEDO CASTRO TAVARES FILHO, maior, administrador, resid\u00eancia Rua Doutor Jos\u00e9 Fagundes Neto, 120\/203, Granbery, Juiz de Fora-MG e THAIS DE ARA\u00daJO SILVEIRA QUARESMA, maior, m\u00e9dica, resid\u00eancia Rua Vicente Ad\u00e3o Botti, 97, Bom Pastor, Juiz de Fora-MG<\/p>\n<p>09 &#8211; SALVO APARECIDO RABELO DE SOUZA, maior, micro empres\u00e1rio, resid\u00eancia Rua Professor Jos\u00e9 Barata, 485\/03,, Santos Dumont, Juiz de Fora-MG e LAUDENY PEREIRA DA SILVA, maior, aut\u00f4noma, resid\u00eancia Rua Professor Jos\u00e9 Barata, 485\/03,, Santos Dumont, Juiz de Fora-MG<\/p>\n<p>10 &#8211; VINICIUS MAXIMO CRUZEIRO, maior, comerciante, resid\u00eancia Av. Bar\u00e3o do Rio Branco, 5141\/2203, Passos, Juiz de Fora-MG e L\u00cdVIA BELLOTTI LOPES, maior, cirurgi\u00e3o dentista, resid\u00eancia Av. Bar\u00e3o do Rio Branco, 5141\/2203, Passos, Juiz de Fora-MG<\/p>\n<p>11 &#8211; PEDRO PAULO SIM\u00d5ES MENDES SALGADO, maior, fot\u00f3grafo, resid\u00eancia Rua Almirante Barroso, 45, Paineiras, Juiz de Fora-MG e RAPHAELA HABERBOSCH, maior, professora, resid\u00eancia Rua Nair de Castro Cunha, 77\/201,, Cascatinha, Juiz de Fora-MG<\/p>\n<p>12 &#8211; MARCUS VINICIUS DE MORAIS, maior, mec\u00e2nico, resid\u00eancia Rua Julieta Andrada, 30\/110, Granbery, Juiz de Fora-MG e DENISE DUTRA RODRIGUES, maior, cirurgi\u00e3 dentista, resid\u00eancia Rua Julieta Andrada, 30\/110, Granbery, Juiz de Fora-MG<\/p>\n<p>Os contraentes apresentaram os documentos exigidos pelo art.1525 do C\u00f3digo Civil Brasileiro. Se algu\u00e9m souber de algum impedimento, que os impe\u00e7am de se casar, que o fa\u00e7a na forma da Lei.<\/p>\n<p>Juiz de Fora, 21\/02\/2018<\/p>\n<p>JOS\u00c9 THADEU MACHADO COBUCCI<br \/>Oficial do Registro Civil<br \/>Cartosoft &#8211; Automa\u00e7\u00e3o de Cart\u00f3rios do Registro Civil www.cartosoft.com.br<\/p>\n","protected":false},"excerpt":{"rendered":"<p>REP\u00daBLICA FEDERATIVA DO BRASIL ESTADO DE MINAS GERAIS REGISTRO CIVIL DAS PESSOAS NATURAIS, INTERDI\u00c7\u00d5ES E TUTELAS 1\u00ba SUBDISTRITO Oficial Titular: JOS\u00c9 THADEU MACHADO COBUCCI Av. Pres. Itamar Franco, 1.522 Centro36016-320 &#8211; Juiz de Fora \u2013 MG Faz saber que pretendem casar-se: 01 &#8211; LUCAS LEITE DE AQUINO, maior, Policial Militar, resid\u00eancia Travessa Filonila Carlota de [&hellip;]<\/p>\n","protected":false},"author":96,"featured_media":0,"comment_status":"closed","ping_status":"closed","sticky":false,"template":"","format":"standard","meta":{"footnotes":""},"categories":[307],"tags":[],"class_list":["post-92344","post","type-post","status-publish","format-standard","hentry","category-editais"],"_links":{"self":[{"href":"https:\/\/diarioregionaldigital.com.br\/index.php?rest_route=\/wp\/v2\/posts\/92344","targetHints":{"allow":["GET"]}}],"collection":[{"href":"https:\/\/diarioregionaldigital.com.br\/index.php?rest_route=\/wp\/v2\/posts"}],"about":[{"href":"https:\/\/diarioregionaldigital.com.br\/index.php?rest_route=\/wp\/v2\/types\/post"}],"author":[{"embeddable":true,"href":"https:\/\/diarioregionaldigital.com.br\/index.php?rest_route=\/wp\/v2\/users\/96"}],"replies":[{"embeddable":true,"href":"https:\/\/diarioregionaldigital.com.br\/index.php?rest_route=%2Fwp%2Fv2%2Fcomments&post=92344"}],"version-history":[{"count":0,"href":"https:\/\/diarioregionaldigital.com.br\/index.php?rest_route=\/wp\/v2\/posts\/92344\/revisions"}],"wp:attachment":[{"href":"https:\/\/diarioregionaldigital.com.br\/index.php?rest_route=%2Fwp%2Fv2%2Fmedia&parent=92344"}],"wp:term":[{"taxonomy":"category","embeddable":true,"href":"https:\/\/diarioregionaldigital.com.br\/index.php?rest_route=%2Fwp%2Fv2%2Fcategories&post=92344"},{"taxonomy":"post_tag","embeddable":true,"href":"https:\/\/diarioregionaldigital.com.br\/index.php?rest_route=%2Fwp%2Fv2%2Ftags&post=92344"}],"curies":[{"name":"wp","href":"https:\/\/api.w.org\/{rel}","templated":true}]}}