{"id":92343,"date":"2018-02-21T21:04:16","date_gmt":"2018-02-22T00:04:16","guid":{"rendered":"http:\/\/diarioregionaljf.com.br\/2018\/02\/21\/nota-10\/"},"modified":"2018-02-21T21:04:16","modified_gmt":"2018-02-22T00:04:16","slug":"nota-10","status":"publish","type":"post","link":"https:\/\/diarioregionaldigital.com.br\/?p=92343","title":{"rendered":"Nota 10"},"content":{"rendered":"<p style=\"text-align: center;\"><span class=\"h4\">D\u00f3-r\u00e9-mi-f\u00e1<\/span><br \/>Eterno rei da cocada preta, o gaitista argentino Alejandro Yangues est\u00e1 no Brasil e vai compartilhar m\u00fasica em noites de blues de raiz, rock brit\u00e2nico e muito improviso ao lado de instrumentistas de Juiz de Fora. O encontro ser\u00e1 s\u00e1bado, 24, \u00e0s 19h, no Container Bar.<\/p>\n<p style=\"text-align: center;\"><span class=\"h4\">Em Alta<\/span><br \/>A bonita hist\u00f3ria de Erick Jacquin, um dos jurados do \u201cMaster Chefe\u201d, ser\u00e1 narrada em um filme. A produtora Boca a boca j\u00e1 finalizou \u201cJacquin como voc\u00ea nunca viu!\u201d que ser\u00e1 lan\u00e7ado nos cinemas. Quem viu gostou da fotografia e a maneira como foi exposta a pel\u00edcula.<\/p>\n<p style=\"text-align: center;\"><span class=\"h4\">Den\u00fancia<\/span><br \/>Curiosidades da Lava-Jato. Em quase quatro anos da opera\u00e7\u00e3o, procuradores em todo o pa\u00eds se acostumaram a receber um mesmo tipo de den\u00fancia: cidad\u00e3os contr\u00e1rios a ped\u00e1gios em rodovias constru\u00eddas ou recuperadas por empreiteiras investigadas. Na semana passada, por exemplo, foi arquivado um pedido de apura\u00e7\u00e3o feita por um homem em Campinas contra cobran\u00e7as em estrada controlada pela Odebrecht.<\/p>\n<p style=\"text-align: center;\"><span class=\"h4\">Not\u00edcia<\/span><br \/>Reunidos em assembleia, os agentes de seguran\u00e7a socioeducativos mineiros, decidiram adiar temporariamente a greve. A delibera\u00e7\u00e3o un\u00e2nime aconteceu em Belo Horizonte, mediante negocia\u00e7\u00f5es que est\u00e3o em curso entre o Governo, sindicato e comiss\u00e3o de agentes. O governo sinalizou que ir\u00e1 negociar. Contudo, os pleitos dever\u00e3o ser conclu\u00eddos at\u00e9 31 de mar\u00e7o. Em caso de n\u00e3o cumprimento a greve ser\u00e1 iniciada em 2 de abril.<\/p>\n<p style=\"text-align: center;\"><span class=\"h4\">Opini\u00e3o<\/span><br \/>Muito falat\u00f3rio nas redes sociais d\u00e3o conta do \u201cbaix\u00edssimo\u201d n\u00edvel atual da m\u00fasica brasileira. As v\u00edtimas s\u00e3o Anitta, Pablo Vittar, Joj\u00f4 Toddynho e agora Mc Loma e as G\u00eameas Lacra\u00e7\u00e3o. A verdade \u00e9 que parte da nossa classe m\u00e9dia ainda se incomoda com o empoderamento de pessoas da periferia, seu estilo de se vestir, a arte que produzem, a arte que consomem.<\/p>\n<p style=\"text-align: center;\"><span class=\"h4\">Nota 10<\/span><br \/>Talentosa e carism\u00e1tica, a brit\u00e2nica Jojo Moyes \u00e9 o nome do momento na literatura universal. Autora de best-sellers como \u201cDepois de Voc\u00ea\u201d, \u00e9 uma das autoras mais vendidas no Brasil na \u00faltima d\u00e9cada.<\/p>\n<p style=\"text-align: center;\"><img decoding=\"async\" class=\" size-full wp-image-92333\" src=\"http:\/\/diarioregionaljf.com.br\/wp-content\/uploads\/2018\/02\/diario-int-24373-1.jpg\" alt=\"fotoa.jpg\" width=\"680\" style=\"display: block; margin-left: auto; margin-right: auto;\" srcset=\"https:\/\/diarioregionaldigital.com.br\/wp-content\/uploads\/2018\/02\/diario-int-24373-1.jpg 680w, https:\/\/diarioregionaldigital.com.br\/wp-content\/uploads\/2018\/02\/diario-int-24373-1-300x199.jpg 300w, https:\/\/diarioregionaldigital.com.br\/wp-content\/uploads\/2018\/02\/diario-int-24373-1-360x238.jpg 360w\" sizes=\"(max-width: 680px) 100vw, 680px\" \/>Fazendo a linha unidos venceremos na Danke Clube, Mariana Ghedin, DJ Pedro Camacho e Tatah F\u00e1vero<\/p>\n<p style=\"text-align: center;\"><img decoding=\"async\" class=\" size-full wp-image-92334\" src=\"http:\/\/diarioregionaljf.com.br\/wp-content\/uploads\/2018\/02\/diario-int-24373-2.jpg\" alt=\"fotobb.jpg\" width=\"680\" style=\"display: block; margin-left: auto; margin-right: auto;\" srcset=\"https:\/\/diarioregionaldigital.com.br\/wp-content\/uploads\/2018\/02\/diario-int-24373-2.jpg 680w, https:\/\/diarioregionaldigital.com.br\/wp-content\/uploads\/2018\/02\/diario-int-24373-2-300x221.jpg 300w, https:\/\/diarioregionaldigital.com.br\/wp-content\/uploads\/2018\/02\/diario-int-24373-2-360x265.jpg 360w\" sizes=\"(max-width: 680px) 100vw, 680px\" \/>Aniversariante de destaque da semana, o belo Cassiano Machado<\/p>\n<p style=\"text-align: center;\"><img decoding=\"async\" class=\" size-full wp-image-92335\" src=\"http:\/\/diarioregionaljf.com.br\/wp-content\/uploads\/2018\/02\/diario-int-24373-3.JPG\" alt=\"fotob.JPG\" width=\"680\" style=\"display: block; margin-left: auto; margin-right: auto;\" srcset=\"https:\/\/diarioregionaldigital.com.br\/wp-content\/uploads\/2018\/02\/diario-int-24373-3.JPG 680w, https:\/\/diarioregionaldigital.com.br\/wp-content\/uploads\/2018\/02\/diario-int-24373-3-300x198.jpg 300w, https:\/\/diarioregionaldigital.com.br\/wp-content\/uploads\/2018\/02\/diario-int-24373-3-360x238.jpg 360w\" sizes=\"(max-width: 680px) 100vw, 680px\" \/>A bonita Virg\u00ednia Resende, aniversariando, reuniu os amigos no ap\u00ea da Constantino Paleta com os bonit\u00f5es, Ewerton, Jhony, Magno e Yuri<\/p>\n<p style=\"text-align: center;\"><img decoding=\"async\" class=\" size-full wp-image-92336\" src=\"http:\/\/diarioregionaljf.com.br\/wp-content\/uploads\/2018\/02\/diario-int-24373-4.JPG\" alt=\"fotoc.JPG\" width=\"680\" style=\"display: block; margin-left: auto; margin-right: auto;\" srcset=\"https:\/\/diarioregionaldigital.com.br\/wp-content\/uploads\/2018\/02\/diario-int-24373-4.JPG 680w, https:\/\/diarioregionaldigital.com.br\/wp-content\/uploads\/2018\/02\/diario-int-24373-4-300x199.jpg 300w, https:\/\/diarioregionaldigital.com.br\/wp-content\/uploads\/2018\/02\/diario-int-24373-4-360x238.jpg 360w\" sizes=\"(max-width: 680px) 100vw, 680px\" \/>No C\u00edrculo Militar os Dias Macedo, Jorge, Ana Teresa, \u00c2ngela Caroline e Maria Helena<\/p>\n<p style=\"text-align: center;\"><img decoding=\"async\" class=\" size-full wp-image-92337\" src=\"http:\/\/diarioregionaljf.com.br\/wp-content\/uploads\/2018\/02\/diario-int-24373-5.JPG\" alt=\"fotocc.JPG\" width=\"680\" style=\"display: block; margin-left: auto; margin-right: auto;\" srcset=\"https:\/\/diarioregionaldigital.com.br\/wp-content\/uploads\/2018\/02\/diario-int-24373-5.JPG 680w, https:\/\/diarioregionaldigital.com.br\/wp-content\/uploads\/2018\/02\/diario-int-24373-5-300x199.jpg 300w, https:\/\/diarioregionaldigital.com.br\/wp-content\/uploads\/2018\/02\/diario-int-24373-5-360x238.jpg 360w\" sizes=\"(max-width: 680px) 100vw, 680px\" \/>Lu\u00eds Fernando Sirimarco e Erika Salazar, no Univershow<\/p>\n<p style=\"text-align: center;\"><img decoding=\"async\" class=\" size-full wp-image-92338\" src=\"http:\/\/diarioregionaljf.com.br\/wp-content\/uploads\/2018\/02\/diario-int-24373-6.jpg\" alt=\"fotod.jpg\" width=\"680\" style=\"display: block; margin-left: auto; margin-right: auto;\" srcset=\"https:\/\/diarioregionaldigital.com.br\/wp-content\/uploads\/2018\/02\/diario-int-24373-6.jpg 680w, https:\/\/diarioregionaldigital.com.br\/wp-content\/uploads\/2018\/02\/diario-int-24373-6-266x300.jpg 266w, https:\/\/diarioregionaldigital.com.br\/wp-content\/uploads\/2018\/02\/diario-int-24373-6-360x407.jpg 360w\" sizes=\"(max-width: 680px) 100vw, 680px\" \/>Mulheres emponderadas e chiqu\u00e9rrimas, Cl\u00e1udia Nunes e a filha L\u00edlia Nunes<\/p>\n<p style=\"text-align: center;\"><img decoding=\"async\" class=\" size-full wp-image-92339\" src=\"http:\/\/diarioregionaljf.com.br\/wp-content\/uploads\/2018\/02\/diario-int-24373-7.jpg\" alt=\"fotoe.jpg\" width=\"680\" style=\"display: block; margin-left: auto; margin-right: auto;\" srcset=\"https:\/\/diarioregionaldigital.com.br\/wp-content\/uploads\/2018\/02\/diario-int-24373-7.jpg 680w, https:\/\/diarioregionaldigital.com.br\/wp-content\/uploads\/2018\/02\/diario-int-24373-7-266x300.jpg 266w, https:\/\/diarioregionaldigital.com.br\/wp-content\/uploads\/2018\/02\/diario-int-24373-7-360x407.jpg 360w\" sizes=\"(max-width: 680px) 100vw, 680px\" \/>Em tarde de dan\u00e7a e alto astral, Scheila Carvalho e o fot\u00f3grafo Valdir J\u00fanior<\/p>\n<p style=\"text-align: center;\"><img decoding=\"async\" class=\" size-full wp-image-92340\" src=\"http:\/\/diarioregionaljf.com.br\/wp-content\/uploads\/2018\/02\/diario-int-24373-8.jpg\" alt=\"fotoi.jpg\" width=\"680\" style=\"display: block; margin-left: auto; margin-right: auto;\" srcset=\"https:\/\/diarioregionaldigital.com.br\/wp-content\/uploads\/2018\/02\/diario-int-24373-8.jpg 680w, https:\/\/diarioregionaldigital.com.br\/wp-content\/uploads\/2018\/02\/diario-int-24373-8-300x198.jpg 300w, https:\/\/diarioregionaldigital.com.br\/wp-content\/uploads\/2018\/02\/diario-int-24373-8-360x238.jpg 360w\" sizes=\"(max-width: 680px) 100vw, 680px\" \/>Fazendo pose na Danke Clube, Amanda e Bruno Coelho<\/p>\n<p style=\"text-align: center;\"><img decoding=\"async\" class=\" size-full wp-image-92341\" src=\"http:\/\/diarioregionaljf.com.br\/wp-content\/uploads\/2018\/02\/diario-int-24373-9.jpg\" alt=\"fotoaa.jpg\" width=\"680\" style=\"display: block; margin-left: auto; margin-right: auto;\" srcset=\"https:\/\/diarioregionaldigital.com.br\/wp-content\/uploads\/2018\/02\/diario-int-24373-9.jpg 680w, https:\/\/diarioregionaldigital.com.br\/wp-content\/uploads\/2018\/02\/diario-int-24373-9-300x169.jpg 300w, https:\/\/diarioregionaldigital.com.br\/wp-content\/uploads\/2018\/02\/diario-int-24373-9-360x202.jpg 360w\" sizes=\"(max-width: 680px) 100vw, 680px\" \/>Na festa da ressaca no Bar Quintal, Beto Souza, Renan e Marlon Moraes<\/p>\n<p style=\"text-align: center;\"><img decoding=\"async\" class=\" size-full wp-image-92342\" src=\"http:\/\/diarioregionaljf.com.br\/wp-content\/uploads\/2018\/02\/diario-int-24373-10.jpg\" alt=\"fotoj.jpg\" width=\"680\" style=\"display: block; margin-left: auto; margin-right: auto;\" srcset=\"https:\/\/diarioregionaldigital.com.br\/wp-content\/uploads\/2018\/02\/diario-int-24373-10.jpg 680w, https:\/\/diarioregionaldigital.com.br\/wp-content\/uploads\/2018\/02\/diario-int-24373-10-300x199.jpg 300w, https:\/\/diarioregionaldigital.com.br\/wp-content\/uploads\/2018\/02\/diario-int-24373-10-360x238.jpg 360w\" sizes=\"(max-width: 680px) 100vw, 680px\" \/>Em momento de arte, eleg\u00e2ncia e glamour no MHall, Nayara Neto, Valqu\u00edria Almeida, Eduardo Gomes e Nayane Neto<\/p>\n<p class=\"h4\" style=\"text-align: center;\">FOTOSS\u00cdNTESE<\/p>\n<p>Na 5\u00ba feira, 22, Sergio Mendes recebe convidados no Bosque do Imperador para o jantar dos \u201cInfluenceres\u201d. Usando sua veia como empreendedor e palestrante, vai mostra as tend\u00eancias de marketing e comunica\u00e7\u00e3o para 2018.<\/p>\n<p>Ser\u00e1 s\u00e1bado, 24, o show da banda Rebanh\u00e3o, no Teatro Solar. A promo\u00e7\u00e3o gospel marca a comemora\u00e7\u00e3o dos 10 anos da Acquavip Academia. Convidando, o din\u00e2mico Anderson Ochi.<\/p>\n<p>Ros\u00e2ngela Rossi e Juber Pac\u00edfico convidam para o projeto Caf\u00e9 Filos\u00f3fico, na 6\u00ba feira, 23, \u00e0s 19h, na Biblioteca Redentorista. Na pauta, a palestra do psic\u00f3logo e professor Padre Dalton Barros, que dar\u00e1 \u00eanfase ao tema \u201dA arte de bem pensar a vida e o sentido de viver\u201d.<\/p>\n<p>Aniversariando nesta 5\u00aa feira, 22, a bonita funcion\u00e1ria da Loja Z\u00e9 Kodak da Galeria Solar, Suellen Pacheco. Parab\u00e9ns.<\/p>\n<p>Aniversariando hoje, 22, a ex-voleibolista do Ol\u00edmpico, Sport Clube e da Sele\u00e7\u00e3o Brasileira, Rose Messias Trist\u00e3o. Parab\u00e9ns.<\/p>\n<p>M\u00e1rcio Delamare e Jussara Nunes, Mara Millione e Rodrigo Marum foram prestigiar no Parque Halfeld a exposi\u00e7\u00e3o de carros antigos. Colhendo elogios pela coordena\u00e7\u00e3o, o din\u00e2mico presidente da AVA, Jorge (Borboleta) Levi.<\/p>\n<p>Foi na Pra\u00e7a C\u00edvica da UFJF, a roda de conversa com o tema \u201cParir em Juiz de Fora: dificuldades na assist\u00eancia p\u00fablica e privada\u201d. A promo\u00e7\u00e3o levou a chancela da Alian\u00e7a de Mulheres pela Maternidade Ativa.<\/p>\n<p>V\u00e1rios nomes-not\u00edcia de Juiz de Fora marcaram presen\u00e7a no Prost! Caf\u00e9 da Manh\u00e3 Cervejeiro, sob a batuta de Wilder Finamore. O menu \u00e9 fart\u00edssimo com os ovos mexidos e lingui\u00e7a fina de porco, hamb\u00farguer na grelha, bolos e frutas. Acompanhando as del\u00edcias, cervejas artesanais. Fica no Solar Street Mall, na Rua Professor Aquino, n\u00ba 255.<\/p>\n<p>Na fervilhante noite de s\u00e1bado passado no Pub\u2019s, este colunista formava grupo com Rafael Koch Torres, Marcus Vin\u00edcius Gomes da Rocha, Marc\u00edlio Gomes e Arthur Magalh\u00e3es.<\/p>\n<p>O Espa\u00e7o Excalibur est\u00e1 apresentando, at\u00e9 28 de fevereiro, a exposi\u00e7\u00e3o do artistapl\u00e1stico Rafael Dantas com o tema \u201cGravuras ilustres\u201d. Os trabalhos de plasticidade incr\u00edvel mostra gravuras em litografias e metal.<\/p>\n<p>A Banda PigHouse apresenta o mais puro rock, na sexta-feira, \u00e0s 21h, no Maquinaria. O bat-local fica na rua S\u00e3o Mateus, n\u00ba 552.<\/p>\n<p>A produ\u00e7\u00e3o do filme \u201cArig\u00f4\u201d far\u00e1 testes presenciais em Juiz de Fora para defini\u00e7\u00e3o do elenco nos dias 22 e 24 de fevereiro. Interessados podem enviar dados como nome, idade, telefone, foto e endere\u00e7o para o e-mail <a href=\"mailto:castingarigo@gmail.com.\">castingarigo@gmail.com.<\/a><\/p>\n<p>Em alta: shows e a\u00e7\u00f5es filantr\u00f3picas para arrecadar alimentos e material escolar para os mais necessitados.<\/p>\n<p>Em baixa: O tr\u00e2nsito ca\u00f3tico no centro de Juiz de Fora que, junto com a sa\u00fade e a viol\u00eancia, est\u00e1 assustador.<\/p>\n<p>Alerta: \u00e9 preciso educar as crian\u00e7as para n\u00e3o castigar os pais no futuro. Bom dia.<\/p>\n","protected":false},"excerpt":{"rendered":"<p>D\u00f3-r\u00e9-mi-f\u00e1Eterno rei da cocada preta, o gaitista argentino Alejandro Yangues est\u00e1 no Brasil e vai compartilhar m\u00fasica em noites de blues de raiz, rock brit\u00e2nico e muito improviso ao lado de instrumentistas de Juiz de Fora. O encontro ser\u00e1 s\u00e1bado, 24, \u00e0s 19h, no Container Bar. Em AltaA bonita hist\u00f3ria de Erick Jacquin, um dos [&hellip;]<\/p>\n","protected":false},"author":96,"featured_media":92332,"comment_status":"closed","ping_status":"closed","sticky":false,"template":"","format":"standard","meta":{"footnotes":""},"categories":[264],"tags":[],"class_list":["post-92343","post","type-post","status-publish","format-standard","has-post-thumbnail","hentry","category-eduardo-gomes"],"_links":{"self":[{"href":"https:\/\/diarioregionaldigital.com.br\/index.php?rest_route=\/wp\/v2\/posts\/92343","targetHints":{"allow":["GET"]}}],"collection":[{"href":"https:\/\/diarioregionaldigital.com.br\/index.php?rest_route=\/wp\/v2\/posts"}],"about":[{"href":"https:\/\/diarioregionaldigital.com.br\/index.php?rest_route=\/wp\/v2\/types\/post"}],"author":[{"embeddable":true,"href":"https:\/\/diarioregionaldigital.com.br\/index.php?rest_route=\/wp\/v2\/users\/96"}],"replies":[{"embeddable":true,"href":"https:\/\/diarioregionaldigital.com.br\/index.php?rest_route=%2Fwp%2Fv2%2Fcomments&post=92343"}],"version-history":[{"count":0,"href":"https:\/\/diarioregionaldigital.com.br\/index.php?rest_route=\/wp\/v2\/posts\/92343\/revisions"}],"wp:featuredmedia":[{"embeddable":true,"href":"https:\/\/diarioregionaldigital.com.br\/index.php?rest_route=\/wp\/v2\/media\/92332"}],"wp:attachment":[{"href":"https:\/\/diarioregionaldigital.com.br\/index.php?rest_route=%2Fwp%2Fv2%2Fmedia&parent=92343"}],"wp:term":[{"taxonomy":"category","embeddable":true,"href":"https:\/\/diarioregionaldigital.com.br\/index.php?rest_route=%2Fwp%2Fv2%2Fcategories&post=92343"},{"taxonomy":"post_tag","embeddable":true,"href":"https:\/\/diarioregionaldigital.com.br\/index.php?rest_route=%2Fwp%2Fv2%2Ftags&post=92343"}],"curies":[{"name":"wp","href":"https:\/\/api.w.org\/{rel}","templated":true}]}}