{"id":92331,"date":"2018-02-21T21:03:17","date_gmt":"2018-02-22T00:03:17","guid":{"rendered":"http:\/\/diarioregionaljf.com.br\/2018\/02\/21\/volante-marcel-tem-nome-publicado-no-bid-e-ja-pode-voltar-a-jogar-com-a-camisa-do-tupi\/"},"modified":"2018-02-21T21:03:17","modified_gmt":"2018-02-22T00:03:17","slug":"volante-marcel-tem-nome-publicado-no-bid-e-ja-pode-voltar-a-jogar-com-a-camisa-do-tupi","status":"publish","type":"post","link":"https:\/\/diarioregionaldigital.com.br\/?p=92331","title":{"rendered":"Volante Marcel tem nome publicado no BID e j\u00e1 pode voltar a jogar com a camisa do Tupi"},"content":{"rendered":"<p>A semana em que se prepara para um dif\u00edcil desafio contra o Atl\u00e9tico-MG pelo Campeonato Mineiro, o Tupi ganhou um importante refor\u00e7o, o volante Marcel, contratado na \u00faltima semana pelo clube, teve o nome publicado no Boletim Informativo Di\u00e1rio (BID) da CBF e j\u00e1 pode voltar a vestir a camisa do Galo Carij\u00f3.<\/p>\n<p>Marcel treina deste a semana passada com o grupo e participou do jogo-treino dos reservas contra o Nacional de Muria\u00e9, na \u00faltima ter\u00e7a. Ele acertou o retorno ao Tupi ap\u00f3s breve passagem pelo Taubat\u00e9, na S\u00e9rie A2 do Campeonato Paulista. A dupla de volantes do Alvinegro tem sido formada por L\u00e9o Salino e L\u00e9o Costa.<\/p>\n<p>O time realiza trabalho t\u00e1tico na tarde desta quarta-feira no Est\u00e1dio Municipal, palco do jogo de domingo, \u00e0s 17h, pela oitava rodada do Mineiro.<\/p>\n<p><strong>&nbsp;<\/strong><\/p>\n","protected":false},"excerpt":{"rendered":"<p>A semana em que se prepara para um dif\u00edcil desafio contra o Atl\u00e9tico-MG pelo Campeonato Mineiro, o Tupi ganhou um importante refor\u00e7o, o volante Marcel, contratado na \u00faltima semana pelo clube, teve o nome publicado no Boletim Informativo Di\u00e1rio (BID) da CBF e j\u00e1 pode voltar a vestir a camisa do Galo Carij\u00f3. Marcel treina [&hellip;]<\/p>\n","protected":false},"author":96,"featured_media":92330,"comment_status":"closed","ping_status":"closed","sticky":false,"template":"","format":"standard","meta":{"footnotes":""},"categories":[257],"tags":[],"class_list":["post-92331","post","type-post","status-publish","format-standard","has-post-thumbnail","hentry","category-esporte"],"_links":{"self":[{"href":"https:\/\/diarioregionaldigital.com.br\/index.php?rest_route=\/wp\/v2\/posts\/92331","targetHints":{"allow":["GET"]}}],"collection":[{"href":"https:\/\/diarioregionaldigital.com.br\/index.php?rest_route=\/wp\/v2\/posts"}],"about":[{"href":"https:\/\/diarioregionaldigital.com.br\/index.php?rest_route=\/wp\/v2\/types\/post"}],"author":[{"embeddable":true,"href":"https:\/\/diarioregionaldigital.com.br\/index.php?rest_route=\/wp\/v2\/users\/96"}],"replies":[{"embeddable":true,"href":"https:\/\/diarioregionaldigital.com.br\/index.php?rest_route=%2Fwp%2Fv2%2Fcomments&post=92331"}],"version-history":[{"count":0,"href":"https:\/\/diarioregionaldigital.com.br\/index.php?rest_route=\/wp\/v2\/posts\/92331\/revisions"}],"wp:featuredmedia":[{"embeddable":true,"href":"https:\/\/diarioregionaldigital.com.br\/index.php?rest_route=\/wp\/v2\/media\/92330"}],"wp:attachment":[{"href":"https:\/\/diarioregionaldigital.com.br\/index.php?rest_route=%2Fwp%2Fv2%2Fmedia&parent=92331"}],"wp:term":[{"taxonomy":"category","embeddable":true,"href":"https:\/\/diarioregionaldigital.com.br\/index.php?rest_route=%2Fwp%2Fv2%2Fcategories&post=92331"},{"taxonomy":"post_tag","embeddable":true,"href":"https:\/\/diarioregionaldigital.com.br\/index.php?rest_route=%2Fwp%2Fv2%2Ftags&post=92331"}],"curies":[{"name":"wp","href":"https:\/\/api.w.org\/{rel}","templated":true}]}}