{"id":92329,"date":"2018-02-21T21:01:28","date_gmt":"2018-02-22T00:01:28","guid":{"rendered":"http:\/\/diarioregionaljf.com.br\/2018\/02\/21\/policia-militar-apreende-tres-quilos-de-maconha-no-santa-luiza\/"},"modified":"2018-02-21T21:01:28","modified_gmt":"2018-02-22T00:01:28","slug":"policia-militar-apreende-tres-quilos-de-maconha-no-santa-luiza","status":"publish","type":"post","link":"https:\/\/diarioregionaldigital.com.br\/?p=92329","title":{"rendered":"Pol\u00edcia Militar apreende tr\u00eas quilos de maconha no Santa Luiza"},"content":{"rendered":"<p>A Pol\u00edcia Militar (PM) apreendeu cerca de tr\u00eas quilos de maconha em um im\u00f3vel no bairro Santa Luzia, zona Sul, na tarde desta quarta-feira, 21. Dois homens, de 35 e 40 anos, foram presos.<\/p>\n<p>Segundo informa\u00e7\u00f5es da PM, uma guarni\u00e7\u00e3o se deslocou \u00e0 Rua Humberto Berzoini ap\u00f3s recebimento de den\u00fancia an\u00f4nima. A princ\u00edpio, nada foi encontrado no local. Mantendo-se \u00e0 dist\u00e2ncia, os militares continuaram monitorando o movimento e conseguiram identificar os dois suspeitos.<\/p>\n<p>Os autores e o material apreendido foram encaminhados \u00e0 delegacia.<\/p>\n","protected":false},"excerpt":{"rendered":"<p>A Pol\u00edcia Militar (PM) apreendeu cerca de tr\u00eas quilos de maconha em um im\u00f3vel no bairro Santa Luzia, zona Sul, na tarde desta quarta-feira, 21. Dois homens, de 35 e 40 anos, foram presos. Segundo informa\u00e7\u00f5es da PM, uma guarni\u00e7\u00e3o se deslocou \u00e0 Rua Humberto Berzoini ap\u00f3s recebimento de den\u00fancia an\u00f4nima. A princ\u00edpio, nada foi [&hellip;]<\/p>\n","protected":false},"author":96,"featured_media":92328,"comment_status":"closed","ping_status":"closed","sticky":false,"template":"","format":"standard","meta":{"footnotes":""},"categories":[301],"tags":[],"class_list":["post-92329","post","type-post","status-publish","format-standard","has-post-thumbnail","hentry","category-artigos-policiais"],"_links":{"self":[{"href":"https:\/\/diarioregionaldigital.com.br\/index.php?rest_route=\/wp\/v2\/posts\/92329","targetHints":{"allow":["GET"]}}],"collection":[{"href":"https:\/\/diarioregionaldigital.com.br\/index.php?rest_route=\/wp\/v2\/posts"}],"about":[{"href":"https:\/\/diarioregionaldigital.com.br\/index.php?rest_route=\/wp\/v2\/types\/post"}],"author":[{"embeddable":true,"href":"https:\/\/diarioregionaldigital.com.br\/index.php?rest_route=\/wp\/v2\/users\/96"}],"replies":[{"embeddable":true,"href":"https:\/\/diarioregionaldigital.com.br\/index.php?rest_route=%2Fwp%2Fv2%2Fcomments&post=92329"}],"version-history":[{"count":0,"href":"https:\/\/diarioregionaldigital.com.br\/index.php?rest_route=\/wp\/v2\/posts\/92329\/revisions"}],"wp:featuredmedia":[{"embeddable":true,"href":"https:\/\/diarioregionaldigital.com.br\/index.php?rest_route=\/wp\/v2\/media\/92328"}],"wp:attachment":[{"href":"https:\/\/diarioregionaldigital.com.br\/index.php?rest_route=%2Fwp%2Fv2%2Fmedia&parent=92329"}],"wp:term":[{"taxonomy":"category","embeddable":true,"href":"https:\/\/diarioregionaldigital.com.br\/index.php?rest_route=%2Fwp%2Fv2%2Fcategories&post=92329"},{"taxonomy":"post_tag","embeddable":true,"href":"https:\/\/diarioregionaldigital.com.br\/index.php?rest_route=%2Fwp%2Fv2%2Ftags&post=92329"}],"curies":[{"name":"wp","href":"https:\/\/api.w.org\/{rel}","templated":true}]}}