{"id":92327,"date":"2018-02-21T20:38:40","date_gmt":"2018-02-21T23:38:40","guid":{"rendered":"http:\/\/diarioregionaljf.com.br\/2018\/02\/21\/operacao-figodikos-da-policia-civil-prende-17-pessoas\/"},"modified":"2018-02-21T20:38:40","modified_gmt":"2018-02-21T23:38:40","slug":"operacao-figodikos-da-policia-civil-prende-17-pessoas","status":"publish","type":"post","link":"https:\/\/diarioregionaldigital.com.br\/?p=92327","title":{"rendered":"Opera\u00e7\u00e3o Fig\u00f3dikos da Pol\u00edcia Civil prende 17 pessoas"},"content":{"rendered":"<p>Dezessete pessoas foram presas por suspeita de envolvimento em crimes de homic\u00eddio, tr\u00e1fico de drogas e roubos \u00e0 m\u00e3o armada, durante a Opera\u00e7\u00e3o Fig\u00f3dikos, realizada pela Pol\u00edcia Civil (PC) nas cidades de Tim\u00f3teo e Dion\u00edsio (cerca de 348 e 311 quil\u00f4metros de JF, respectivamente), na manh\u00e3 dessa ter\u00e7a-feira, 20. Tamb\u00e9m foram cumpridos 30 mandados de busca e apreens\u00e3o.<\/p>\n<p>De acordo com informa\u00e7\u00f5es da PC, a investiga\u00e7\u00e3o j\u00e1 dura um ano e apura a atua\u00e7\u00e3o de um grupo criminoso altamente organizado, que teve in\u00edcio na cidade de Tim\u00f3teo com posterior atua\u00e7\u00e3o nos distritos de Concei\u00e7\u00e3o de Minas e Baixa Verde.<\/p>\n<p>Ainda segundo a Pol\u00edcia Civil, o l\u00edder do grupo teria se mudado de Tim\u00f3teo para Dion\u00edsio ao suspeitar que estaria sob vigil\u00e2ncia policial. No munic\u00edpio, implantou a organiza\u00e7\u00e3o criminosa, dividindo tarefas entre seus componentes, que al\u00e9m dos crimes citados, tamb\u00e9m estariam ligados aos crimes de amea\u00e7a, favorecimento pessoal, recepta\u00e7\u00e3o e porte ilegal de arma de fogo.<\/p>\n<p>Durante a a\u00e7\u00e3o policial foram apreendidas 50 por\u00e7\u00f5es de crack, diversas buchas de maconha, aparelhos celulares, duas motocicletas e uma caminhonete.<\/p>\n<p>O nome da opera\u00e7\u00e3o, que significa \u201cfugitivo\u201d em grego, faz alus\u00e3o \u00e0 mudan\u00e7a de cidade pelo l\u00edder da organiza\u00e7\u00e3o criminosa. Foram empenhados, ao todo, 55 policiais civis lotados em Ipatinga, Jo\u00e3o Monlevade, al\u00e9m de policiais militares lotados em Jo\u00e3o Monlevade e Tim\u00f3teo.<\/p>\n<p>&nbsp;<\/p>\n<p>Da reda\u00e7\u00e3o\/Colabora\u00e7\u00e3o Assessoria<\/p>\n","protected":false},"excerpt":{"rendered":"<p>Dezessete pessoas foram presas por suspeita de envolvimento em crimes de homic\u00eddio, tr\u00e1fico de drogas e roubos \u00e0 m\u00e3o armada, durante a Opera\u00e7\u00e3o Fig\u00f3dikos, realizada pela Pol\u00edcia Civil (PC) nas cidades de Tim\u00f3teo e Dion\u00edsio (cerca de 348 e 311 quil\u00f4metros de JF, respectivamente), na manh\u00e3 dessa ter\u00e7a-feira, 20. Tamb\u00e9m foram cumpridos 30 mandados de [&hellip;]<\/p>\n","protected":false},"author":96,"featured_media":92326,"comment_status":"closed","ping_status":"closed","sticky":false,"template":"","format":"standard","meta":{"footnotes":""},"categories":[252],"tags":[],"class_list":["post-92327","post","type-post","status-publish","format-standard","has-post-thumbnail","hentry","category-regiao"],"_links":{"self":[{"href":"https:\/\/diarioregionaldigital.com.br\/index.php?rest_route=\/wp\/v2\/posts\/92327","targetHints":{"allow":["GET"]}}],"collection":[{"href":"https:\/\/diarioregionaldigital.com.br\/index.php?rest_route=\/wp\/v2\/posts"}],"about":[{"href":"https:\/\/diarioregionaldigital.com.br\/index.php?rest_route=\/wp\/v2\/types\/post"}],"author":[{"embeddable":true,"href":"https:\/\/diarioregionaldigital.com.br\/index.php?rest_route=\/wp\/v2\/users\/96"}],"replies":[{"embeddable":true,"href":"https:\/\/diarioregionaldigital.com.br\/index.php?rest_route=%2Fwp%2Fv2%2Fcomments&post=92327"}],"version-history":[{"count":0,"href":"https:\/\/diarioregionaldigital.com.br\/index.php?rest_route=\/wp\/v2\/posts\/92327\/revisions"}],"wp:featuredmedia":[{"embeddable":true,"href":"https:\/\/diarioregionaldigital.com.br\/index.php?rest_route=\/wp\/v2\/media\/92326"}],"wp:attachment":[{"href":"https:\/\/diarioregionaldigital.com.br\/index.php?rest_route=%2Fwp%2Fv2%2Fmedia&parent=92327"}],"wp:term":[{"taxonomy":"category","embeddable":true,"href":"https:\/\/diarioregionaldigital.com.br\/index.php?rest_route=%2Fwp%2Fv2%2Fcategories&post=92327"},{"taxonomy":"post_tag","embeddable":true,"href":"https:\/\/diarioregionaldigital.com.br\/index.php?rest_route=%2Fwp%2Fv2%2Ftags&post=92327"}],"curies":[{"name":"wp","href":"https:\/\/api.w.org\/{rel}","templated":true}]}}