{"id":92323,"date":"2018-02-21T20:10:48","date_gmt":"2018-02-21T23:10:48","guid":{"rendered":"http:\/\/diarioregionaljf.com.br\/2018\/02\/21\/mais-de-mil-contribuintes-que-aderiram-ao-novo-refis-estao-irregulares\/"},"modified":"2018-02-21T20:10:48","modified_gmt":"2018-02-21T23:10:48","slug":"mais-de-mil-contribuintes-que-aderiram-ao-novo-refis-estao-irregulares","status":"publish","type":"post","link":"https:\/\/diarioregionaldigital.com.br\/?p=92323","title":{"rendered":"Mais de mil contribuintes que aderiram ao Novo Refis est\u00e3o irregulares"},"content":{"rendered":"<p>Mais de mil contribuintes que aderiram ao Programa Especial de Regulariza\u00e7\u00e3o Tribut\u00e1ria (Pert) est\u00e3o irregulares e podem ser exclu\u00eddos caso n\u00e3o tomem as provid\u00eancias necess\u00e1rias at\u00e9 mar\u00e7o, de acordo com a Receita Federal.<\/p>\n<p>O Pert, tamb\u00e9m conhecido como Novo Refis, oferece a empresas e pessoas f\u00edsicas devedoras benef\u00edcios como redu\u00e7\u00f5es de multas e juros, prazo de at\u00e9 180 meses para pagamento da d\u00edvida e possibilidade de utiliza\u00e7\u00e3o de cr\u00e9ditos diversos para quitar parte da d\u00edvida, desde que mantenham as contas fora do acordo em dia. O Pert abrange d\u00edvidas vencidas at\u00e9 30 de abril de 2017. O n\u00e3o pagamento das obriga\u00e7\u00f5es posteriores a essa data por tr\u00eas meses consecutivos ou seis meses alternados leva \u00e0 exclus\u00e3o do programa.<\/p>\n<p>Neste m\u00eas, a Receita Federal est\u00e1 enviando cartas para cobrar mais R$1,5 bilh\u00e3o de 915 contribuintes que n\u00e3o pagaram obriga\u00e7\u00f5es que venceram ap\u00f3s abril de 2017. Este \u00e9 o segundo lote de cobran\u00e7a.<\/p>\n<p>Somam-se a esses devedores cerca de 200 que foram cobrados no final de 2017, no primeiro lote de cobran\u00e7a, e ainda n\u00e3o regularizaram a situa\u00e7\u00e3o. Segundo a Receita, esse lote envolveu 405 contribuintes com um total de R$ 1,6 bilh\u00e3o em d\u00edvidas. Aproximadamente a metade regularizou as pend\u00eancias e ser\u00e1 mantida no Pert.<br \/>De acordo com o \u00f3rg\u00e3o, um terceiro lote de cobran\u00e7a est\u00e1 programado para as pr\u00f3ximas semanas.<\/p>\n<p>Os contribuintes est\u00e3o sendo comunicados por meio de cartas enviadas aos domic\u00edlios tribut\u00e1rios eletr\u00f4nicos. Aqueles que n\u00e3o regularizarem a situa\u00e7\u00e3o ser\u00e3o exclu\u00eddos em mar\u00e7o e deixar\u00e3o de contar com os benef\u00edcios do Pert.<\/p>\n<hr \/>\n<p>&nbsp;Fonte: Ag\u00eancia Brasil<\/p>\n","protected":false},"excerpt":{"rendered":"<p>Mais de mil contribuintes que aderiram ao Programa Especial de Regulariza\u00e7\u00e3o Tribut\u00e1ria (Pert) est\u00e3o irregulares e podem ser exclu\u00eddos caso n\u00e3o tomem as provid\u00eancias necess\u00e1rias at\u00e9 mar\u00e7o, de acordo com a Receita Federal. O Pert, tamb\u00e9m conhecido como Novo Refis, oferece a empresas e pessoas f\u00edsicas devedoras benef\u00edcios como redu\u00e7\u00f5es de multas e juros, prazo [&hellip;]<\/p>\n","protected":false},"author":96,"featured_media":92322,"comment_status":"closed","ping_status":"closed","sticky":false,"template":"","format":"standard","meta":{"footnotes":""},"categories":[261],"tags":[],"class_list":["post-92323","post","type-post","status-publish","format-standard","has-post-thumbnail","hentry","category-economia"],"_links":{"self":[{"href":"https:\/\/diarioregionaldigital.com.br\/index.php?rest_route=\/wp\/v2\/posts\/92323","targetHints":{"allow":["GET"]}}],"collection":[{"href":"https:\/\/diarioregionaldigital.com.br\/index.php?rest_route=\/wp\/v2\/posts"}],"about":[{"href":"https:\/\/diarioregionaldigital.com.br\/index.php?rest_route=\/wp\/v2\/types\/post"}],"author":[{"embeddable":true,"href":"https:\/\/diarioregionaldigital.com.br\/index.php?rest_route=\/wp\/v2\/users\/96"}],"replies":[{"embeddable":true,"href":"https:\/\/diarioregionaldigital.com.br\/index.php?rest_route=%2Fwp%2Fv2%2Fcomments&post=92323"}],"version-history":[{"count":0,"href":"https:\/\/diarioregionaldigital.com.br\/index.php?rest_route=\/wp\/v2\/posts\/92323\/revisions"}],"wp:featuredmedia":[{"embeddable":true,"href":"https:\/\/diarioregionaldigital.com.br\/index.php?rest_route=\/wp\/v2\/media\/92322"}],"wp:attachment":[{"href":"https:\/\/diarioregionaldigital.com.br\/index.php?rest_route=%2Fwp%2Fv2%2Fmedia&parent=92323"}],"wp:term":[{"taxonomy":"category","embeddable":true,"href":"https:\/\/diarioregionaldigital.com.br\/index.php?rest_route=%2Fwp%2Fv2%2Fcategories&post=92323"},{"taxonomy":"post_tag","embeddable":true,"href":"https:\/\/diarioregionaldigital.com.br\/index.php?rest_route=%2Fwp%2Fv2%2Ftags&post=92323"}],"curies":[{"name":"wp","href":"https:\/\/api.w.org\/{rel}","templated":true}]}}