{"id":92321,"date":"2018-02-21T20:10:09","date_gmt":"2018-02-21T23:10:09","guid":{"rendered":"http:\/\/diarioregionaljf.com.br\/2018\/02\/21\/febre-amarela-provoca-queda-nos-estoques-da-hemominas\/"},"modified":"2018-02-21T20:10:09","modified_gmt":"2018-02-21T23:10:09","slug":"febre-amarela-provoca-queda-nos-estoques-da-hemominas","status":"publish","type":"post","link":"https:\/\/diarioregionaldigital.com.br\/?p=92321","title":{"rendered":"Febre amarela provoca queda nos estoques da Hemominas"},"content":{"rendered":"<p>O aumento no n\u00famero de casos de febre amarela confirmadas no estado de Minas Gerais traz preocupa\u00e7\u00e3o para a Funda\u00e7\u00e3o Hemominas. Os estoques est\u00e3o abaixo do necess\u00e1rio e a entidade est\u00e1 precisando de doadores de plaquetas de sangue. \u201cOs casos da doen\u00e7a levaram v\u00e1rias pessoas para os hospitais e esses pacientes est\u00e3o utilizando esse componente do sangue\u201d, diz a integrante do setor de Capta\u00e7\u00e3o de Doadores da unidade em Juiz de Fora, Deborah Carvalho.<\/p>\n<p>As plaquetas s\u00e3o c\u00e9lulas sangu\u00edneas produzidas na medula \u00f3ssea e que atuam na forma\u00e7\u00e3o de co\u00e1gulos de sangue, a fim de impedir a sa\u00edda do sangue do sistema circulat\u00f3rio. Segundo Deborah, a doa\u00e7\u00e3o das plaquetas pode ser feita pela doa\u00e7\u00e3o normal de sangue ou por um procedimento especial. \u201cO processo \u00e9 feito atrav\u00e9s de uma m\u00e1quina que colhe somente as plaquetas e devolve ao doador o restante do sangue. Ele precisa aguarda em torno de uma hora, e o processo \u00e9 repetido de seis a oito vezes. Por isso que a doa\u00e7\u00e3o s\u00f3 acontece mediante a um agendamento pr\u00e9vio. O procedimento \u00e9 tranquilo, seguro e todo material \u00e9 descart\u00e1vel\u201d, refor\u00e7a ela, acrescentando que uma doa\u00e7\u00e3o fornece de seis a oitos componentes. \u201c\u00c9 mais f\u00e1cil do que retirar de oito doadores diferentes\u201d.<\/p>\n<p>T\u00e3o importante como a doa\u00e7\u00e3o de plaqueta \u00e9 a de sangue. \u201cGeralmente, o paciente, por n\u00e3o ter bom acesso venoso, pensa que sua doa\u00e7\u00e3o n\u00e3o \u00e9 necess\u00e1ria. Mas a a\u00e7\u00e3o \u00e9 de grande valia, pois com a doa\u00e7\u00e3o de sangue conseguimos retirar uma unidade da plaqueta\u201d, explica Deborah.<\/p>\n<p>Apesar de o assunto ser a febre amarela, quem se vacinou recentemente contra a doen\u00e7a tem restri\u00e7\u00e3o para doar. \u201cAs pessoas precisam esperar trinta dias ap\u00f3s a imuniza\u00e7\u00e3o para poder doar\u201d, diz Deborah. Quem contraiu a doen\u00e7a, n\u00e3o pode doar por quatro meses.<\/p>\n<p>&nbsp;<\/p>\n<h4>COMO SER UM DOADOR<\/h4>\n<p>Para se tornar doador, o volunt\u00e1rio precisa ter mais que 50Kg, n\u00e3o ter contra\u00eddo hepatite ap\u00f3s os 11 anos de idade, apresentar documento de identidade com foto, al\u00e9m de passar por avalia\u00e7\u00e3o m\u00e9dica. A faixa et\u00e1ria \u00e9 de 16 a 69 anos, sendo que entre 16 e 18, o doador dever\u00e1 estar acompanhado de um respons\u00e1vel ou ter autoriza\u00e7\u00e3o oficial. Entre 60 e 69 anos, somente a pessoa que j\u00e1 tiver doado anteriormente pode doar. No caso das plaquetas, o doador precisa ser do sexo masculino, ter bom acesso venoso, e ter feito alguma doa\u00e7\u00e3o nos \u00faltimos 36 meses. O agendamento no setor de capta\u00e7\u00e3o pode ser realizado pelos telefones (32) 3257-3171 ou (32) 3257-3172.<\/p>\n","protected":false},"excerpt":{"rendered":"<p>O aumento no n\u00famero de casos de febre amarela confirmadas no estado de Minas Gerais traz preocupa\u00e7\u00e3o para a Funda\u00e7\u00e3o Hemominas. Os estoques est\u00e3o abaixo do necess\u00e1rio e a entidade est\u00e1 precisando de doadores de plaquetas de sangue. \u201cOs casos da doen\u00e7a levaram v\u00e1rias pessoas para os hospitais e esses pacientes est\u00e3o utilizando esse componente [&hellip;]<\/p>\n","protected":false},"author":96,"featured_media":92320,"comment_status":"closed","ping_status":"closed","sticky":false,"template":"","format":"standard","meta":{"footnotes":""},"categories":[253],"tags":[],"class_list":["post-92321","post","type-post","status-publish","format-standard","has-post-thumbnail","hentry","category-cidade"],"_links":{"self":[{"href":"https:\/\/diarioregionaldigital.com.br\/index.php?rest_route=\/wp\/v2\/posts\/92321","targetHints":{"allow":["GET"]}}],"collection":[{"href":"https:\/\/diarioregionaldigital.com.br\/index.php?rest_route=\/wp\/v2\/posts"}],"about":[{"href":"https:\/\/diarioregionaldigital.com.br\/index.php?rest_route=\/wp\/v2\/types\/post"}],"author":[{"embeddable":true,"href":"https:\/\/diarioregionaldigital.com.br\/index.php?rest_route=\/wp\/v2\/users\/96"}],"replies":[{"embeddable":true,"href":"https:\/\/diarioregionaldigital.com.br\/index.php?rest_route=%2Fwp%2Fv2%2Fcomments&post=92321"}],"version-history":[{"count":0,"href":"https:\/\/diarioregionaldigital.com.br\/index.php?rest_route=\/wp\/v2\/posts\/92321\/revisions"}],"wp:featuredmedia":[{"embeddable":true,"href":"https:\/\/diarioregionaldigital.com.br\/index.php?rest_route=\/wp\/v2\/media\/92320"}],"wp:attachment":[{"href":"https:\/\/diarioregionaldigital.com.br\/index.php?rest_route=%2Fwp%2Fv2%2Fmedia&parent=92321"}],"wp:term":[{"taxonomy":"category","embeddable":true,"href":"https:\/\/diarioregionaldigital.com.br\/index.php?rest_route=%2Fwp%2Fv2%2Fcategories&post=92321"},{"taxonomy":"post_tag","embeddable":true,"href":"https:\/\/diarioregionaldigital.com.br\/index.php?rest_route=%2Fwp%2Fv2%2Ftags&post=92321"}],"curies":[{"name":"wp","href":"https:\/\/api.w.org\/{rel}","templated":true}]}}