{"id":92319,"date":"2018-02-21T20:02:43","date_gmt":"2018-02-21T23:02:43","guid":{"rendered":"http:\/\/diarioregionaljf.com.br\/2018\/02\/21\/ccj-discute-paralisacao-de-analise-das-pecs-no-congresso-e-seu-alcance\/"},"modified":"2018-02-21T20:02:43","modified_gmt":"2018-02-21T23:02:43","slug":"ccj-discute-paralisacao-de-analise-das-pecs-no-congresso-e-seu-alcance","status":"publish","type":"post","link":"https:\/\/diarioregionaldigital.com.br\/?p=92319","title":{"rendered":"CCJ discute paralisa\u00e7\u00e3o de an\u00e1lise das PECs no Congresso e seu alcance"},"content":{"rendered":"<p>Integrantes da Comiss\u00e3o de Constitui\u00e7\u00e3o, Justi\u00e7a e Cidadania (CCJ) do Senado, sugeriram, na reuni\u00e3o dessa quarta-feira, 21, que o Col\u00e9gio de L\u00edderes da Casa discuta o alcance da medida adotada pelo presidente Eun\u00edcio Oliveira de paralisar o andamento legislativo das Propostas de Emenda \u00e0 Constitui\u00e7\u00e3o (PECs) enquanto vigorar a interven\u00e7\u00e3o federal no Rio de Janeiro.<\/p>\n<p>O dilema est\u00e1 na interpreta\u00e7\u00e3o do dispositivo constitucional que pro\u00edbe a mudan\u00e7a da Carta Magna em situa\u00e7\u00f5es de excepcionalidade, como estado de s\u00edtio ou interven\u00e7\u00e3o. Eun\u00edcio entendeu que as PECs n\u00e3o devam ser discutidas nem mesmo nas comiss\u00f5es, mas alguns senadores consideram n\u00e3o haver diretriz expl\u00edcita proibindo a an\u00e1lise pelas comiss\u00f5es.<\/p>\n<p>Primeiro a suscitar o tema, o senador Jos\u00e9 Pimentel (PT-CE) sugeriu at\u00e9 mesmo que todos os relatores de PECs devolvessem os textos \u00e0 presid\u00eancia da comiss\u00e3o. A senadora Simone Tebet (PMDB-MS) discordou da sugest\u00e3o e lembrou que a interven\u00e7\u00e3o, embora dr\u00e1stica, tem prazo limitado de vig\u00eancia, at\u00e9 o fim de dezembro, e pode ser interrompida a qualquer momento. Devolver as PECs, algumas j\u00e1 em adiantado processo de an\u00e1lise, n\u00e3o seria produtivo.<\/p>\n<p>\u201cAs PECs n\u00e3o podem tramitar na Casa, mas n\u00e3o vejo sentido em a CCJ ou as comiss\u00f5es solicitarem a devolu\u00e7\u00e3o das propostas\u201d, opinou.<\/p>\n<p>Na interpreta\u00e7\u00e3o de A\u00e9cio Neves (PSDB-MG), \u00e9 correto impedir que durante a vig\u00eancia do estado de exce\u00e7\u00e3o haja modifica\u00e7\u00e3o na Constitui\u00e7\u00e3o, mas isso n\u00e3o deve afetar a an\u00e1lise e debate nas comiss\u00f5es.<\/p>\n<p>\u201cPara que n\u00e3o haja esvaziamento da atua\u00e7\u00e3o do Legislativo, n\u00e3o seria adequado que pud\u00e9ssemos avan\u00e7ar nas comiss\u00f5es, j\u00e1 que n\u00e3o h\u00e1 veda\u00e7\u00e3o constitucional, na tramita\u00e7\u00e3o dessas mat\u00e9rias, deixando-as prontas para a an\u00e1lise em Plen\u00e1rio?\u201d, questionou.<\/p>\n<p>O vice-presidente da CCJ, senador Antonio Anastasia (PSDB-MG), informou que a comiss\u00e3o continuar\u00e1 cumprindo a determina\u00e7\u00e3o da Mesa at\u00e9 que os l\u00edderes referendem ou n\u00e3o o atual entendimento.<\/p>\n<p>Fonte: Ag\u00eancia Senado<\/p>\n","protected":false},"excerpt":{"rendered":"<p>Integrantes da Comiss\u00e3o de Constitui\u00e7\u00e3o, Justi\u00e7a e Cidadania (CCJ) do Senado, sugeriram, na reuni\u00e3o dessa quarta-feira, 21, que o Col\u00e9gio de L\u00edderes da Casa discuta o alcance da medida adotada pelo presidente Eun\u00edcio Oliveira de paralisar o andamento legislativo das Propostas de Emenda \u00e0 Constitui\u00e7\u00e3o (PECs) enquanto vigorar a interven\u00e7\u00e3o federal no Rio de Janeiro. [&hellip;]<\/p>\n","protected":false},"author":96,"featured_media":92318,"comment_status":"closed","ping_status":"closed","sticky":false,"template":"","format":"standard","meta":{"footnotes":""},"categories":[254],"tags":[],"class_list":["post-92319","post","type-post","status-publish","format-standard","has-post-thumbnail","hentry","category-politica"],"_links":{"self":[{"href":"https:\/\/diarioregionaldigital.com.br\/index.php?rest_route=\/wp\/v2\/posts\/92319","targetHints":{"allow":["GET"]}}],"collection":[{"href":"https:\/\/diarioregionaldigital.com.br\/index.php?rest_route=\/wp\/v2\/posts"}],"about":[{"href":"https:\/\/diarioregionaldigital.com.br\/index.php?rest_route=\/wp\/v2\/types\/post"}],"author":[{"embeddable":true,"href":"https:\/\/diarioregionaldigital.com.br\/index.php?rest_route=\/wp\/v2\/users\/96"}],"replies":[{"embeddable":true,"href":"https:\/\/diarioregionaldigital.com.br\/index.php?rest_route=%2Fwp%2Fv2%2Fcomments&post=92319"}],"version-history":[{"count":0,"href":"https:\/\/diarioregionaldigital.com.br\/index.php?rest_route=\/wp\/v2\/posts\/92319\/revisions"}],"wp:featuredmedia":[{"embeddable":true,"href":"https:\/\/diarioregionaldigital.com.br\/index.php?rest_route=\/wp\/v2\/media\/92318"}],"wp:attachment":[{"href":"https:\/\/diarioregionaldigital.com.br\/index.php?rest_route=%2Fwp%2Fv2%2Fmedia&parent=92319"}],"wp:term":[{"taxonomy":"category","embeddable":true,"href":"https:\/\/diarioregionaldigital.com.br\/index.php?rest_route=%2Fwp%2Fv2%2Fcategories&post=92319"},{"taxonomy":"post_tag","embeddable":true,"href":"https:\/\/diarioregionaldigital.com.br\/index.php?rest_route=%2Fwp%2Fv2%2Ftags&post=92319"}],"curies":[{"name":"wp","href":"https:\/\/api.w.org\/{rel}","templated":true}]}}