{"id":92317,"date":"2018-02-21T19:52:45","date_gmt":"2018-02-21T22:52:45","guid":{"rendered":"http:\/\/diarioregionaljf.com.br\/2018\/02\/21\/projeto-aumenta-impostos-de-sucos-e-refrigerantes-adocados-com-acucar\/"},"modified":"2018-02-21T19:52:45","modified_gmt":"2018-02-21T22:52:45","slug":"projeto-aumenta-impostos-de-sucos-e-refrigerantes-adocados-com-acucar","status":"publish","type":"post","link":"https:\/\/diarioregionaldigital.com.br\/?p=92317","title":{"rendered":"Projeto aumenta impostos de sucos e refrigerantes ado\u00e7ados com a\u00e7\u00facar"},"content":{"rendered":"<p>Sucos, refrigerantes e outras bebidas n\u00e3o alco\u00f3licas ado\u00e7adas com a\u00e7\u00facar poder\u00e3o ficar mais caros. A C\u00e2mara dos Deputados analisa o Projeto de Lei 8541\/17, do deputado Paulo Teixeira (PT-SP), que aumenta impostos sobre esses produtos, com o objetivo de frear o consumo.<\/p>\n<p>A proposta aumenta de 4% para 5% a al\u00edquota de Imposto sobre Produtos Industrializados (IPI) cobrada sobre a importa\u00e7\u00e3o e a sa\u00edda das f\u00e1bricas desses produtos. Tamb\u00e9m determina que a al\u00edquota m\u00ednima do IPI cobrado em outras fases da cadeia ser\u00e1 sempre 25% maior para as bebidas n\u00e3o alco\u00f3licas que tenham a\u00e7\u00facares intencionalmente adicionados, ou seja, que n\u00e3o sejam naturalmente doces.<\/p>\n<p>Teixeira argumenta que estudos cient\u00edficos j\u00e1 ligam o maior consumo de bebidas a\u00e7ucaradas, como o refrigerante, ao aumento da obesidade em nossa sociedade. E junto com isto, aumentam-se as doen\u00e7as da popula\u00e7\u00e3o. Ele informou que a Organiza\u00e7\u00e3o Mundial da Sa\u00fade (OMS) j\u00e1 recomenda o aumento de 20% no pre\u00e7o dos refrigerantes com o objetivo de desestimular o consumo, a exemplo do que j\u00e1 ocorre no caso do cigarro.<\/p>\n<p>\u201cO objetivo \u00e9 incentivar a substitui\u00e7\u00e3o de bebidas ado\u00e7adas com a\u00e7\u00facar por produtos mais saud\u00e1veis\u201d, justificou<\/p>\n<h4>&nbsp;<\/h4>\n<h4>TRAMITA\u00c7\u00c3O<\/h4>\n<p>A proposta tramita em car\u00e1ter conclusivo e ser\u00e1 analisada pelas comiss\u00f5es de Finan\u00e7as e Tributa\u00e7\u00e3o; e de Constitui\u00e7\u00e3o e Justi\u00e7a e de Cidadania.<\/p>\n<p>Fonte: Ag\u00eancia C\u00e2mara Not\u00edcias<\/p>\n","protected":false},"excerpt":{"rendered":"<p>Sucos, refrigerantes e outras bebidas n\u00e3o alco\u00f3licas ado\u00e7adas com a\u00e7\u00facar poder\u00e3o ficar mais caros. A C\u00e2mara dos Deputados analisa o Projeto de Lei 8541\/17, do deputado Paulo Teixeira (PT-SP), que aumenta impostos sobre esses produtos, com o objetivo de frear o consumo. A proposta aumenta de 4% para 5% a al\u00edquota de Imposto sobre Produtos [&hellip;]<\/p>\n","protected":false},"author":96,"featured_media":92316,"comment_status":"closed","ping_status":"closed","sticky":false,"template":"","format":"standard","meta":{"footnotes":""},"categories":[254],"tags":[],"class_list":["post-92317","post","type-post","status-publish","format-standard","has-post-thumbnail","hentry","category-politica"],"_links":{"self":[{"href":"https:\/\/diarioregionaldigital.com.br\/index.php?rest_route=\/wp\/v2\/posts\/92317","targetHints":{"allow":["GET"]}}],"collection":[{"href":"https:\/\/diarioregionaldigital.com.br\/index.php?rest_route=\/wp\/v2\/posts"}],"about":[{"href":"https:\/\/diarioregionaldigital.com.br\/index.php?rest_route=\/wp\/v2\/types\/post"}],"author":[{"embeddable":true,"href":"https:\/\/diarioregionaldigital.com.br\/index.php?rest_route=\/wp\/v2\/users\/96"}],"replies":[{"embeddable":true,"href":"https:\/\/diarioregionaldigital.com.br\/index.php?rest_route=%2Fwp%2Fv2%2Fcomments&post=92317"}],"version-history":[{"count":0,"href":"https:\/\/diarioregionaldigital.com.br\/index.php?rest_route=\/wp\/v2\/posts\/92317\/revisions"}],"wp:featuredmedia":[{"embeddable":true,"href":"https:\/\/diarioregionaldigital.com.br\/index.php?rest_route=\/wp\/v2\/media\/92316"}],"wp:attachment":[{"href":"https:\/\/diarioregionaldigital.com.br\/index.php?rest_route=%2Fwp%2Fv2%2Fmedia&parent=92317"}],"wp:term":[{"taxonomy":"category","embeddable":true,"href":"https:\/\/diarioregionaldigital.com.br\/index.php?rest_route=%2Fwp%2Fv2%2Fcategories&post=92317"},{"taxonomy":"post_tag","embeddable":true,"href":"https:\/\/diarioregionaldigital.com.br\/index.php?rest_route=%2Fwp%2Fv2%2Ftags&post=92317"}],"curies":[{"name":"wp","href":"https:\/\/api.w.org\/{rel}","templated":true}]}}