{"id":92311,"date":"2018-02-21T19:20:45","date_gmt":"2018-02-21T22:20:45","guid":{"rendered":"http:\/\/diarioregionaljf.com.br\/2018\/02\/21\/tres-detentos-fogem-da-penitenciaria-ariosvaldo-campos-pires\/"},"modified":"2018-02-21T19:20:45","modified_gmt":"2018-02-21T22:20:45","slug":"tres-detentos-fogem-da-penitenciaria-ariosvaldo-campos-pires","status":"publish","type":"post","link":"https:\/\/diarioregionaldigital.com.br\/?p=92311","title":{"rendered":"Tr\u00eas detentos fogem da Penitenci\u00e1ria Ariosvaldo Campos Pires"},"content":{"rendered":"<p>Tr\u00eas detentos, de 31, 36 e 47 anos, fugiram da Penitenci\u00e1ria Ariosvaldo Campos Pires, no bairro Linhares, zona Leste de Juiz de Fora, na madrugada dessa ter\u00e7a-feira, 20. De acordo com informa\u00e7\u00f5es da Secretaria de Estado de Administra\u00e7\u00e3o Prisional (Seap), a fuga ocorreu por volta das 3h. At\u00e9 o momento, os fugitivos n\u00e3o foram recapturados.<\/p>\n<p>Ainda conforme a Seap, a dire\u00e7\u00e3o da unidade prisional comunicou o fato \u00e0 Justi\u00e7a e instaurou procedimento interno para apurar as circunst\u00e2ncias do ocorrido.<\/p>\n","protected":false},"excerpt":{"rendered":"<p>Tr\u00eas detentos, de 31, 36 e 47 anos, fugiram da Penitenci\u00e1ria Ariosvaldo Campos Pires, no bairro Linhares, zona Leste de Juiz de Fora, na madrugada dessa ter\u00e7a-feira, 20. De acordo com informa\u00e7\u00f5es da Secretaria de Estado de Administra\u00e7\u00e3o Prisional (Seap), a fuga ocorreu por volta das 3h. At\u00e9 o momento, os fugitivos n\u00e3o foram recapturados. [&hellip;]<\/p>\n","protected":false},"author":96,"featured_media":92310,"comment_status":"closed","ping_status":"closed","sticky":false,"template":"","format":"standard","meta":{"footnotes":""},"categories":[253],"tags":[],"class_list":["post-92311","post","type-post","status-publish","format-standard","has-post-thumbnail","hentry","category-cidade"],"_links":{"self":[{"href":"https:\/\/diarioregionaldigital.com.br\/index.php?rest_route=\/wp\/v2\/posts\/92311","targetHints":{"allow":["GET"]}}],"collection":[{"href":"https:\/\/diarioregionaldigital.com.br\/index.php?rest_route=\/wp\/v2\/posts"}],"about":[{"href":"https:\/\/diarioregionaldigital.com.br\/index.php?rest_route=\/wp\/v2\/types\/post"}],"author":[{"embeddable":true,"href":"https:\/\/diarioregionaldigital.com.br\/index.php?rest_route=\/wp\/v2\/users\/96"}],"replies":[{"embeddable":true,"href":"https:\/\/diarioregionaldigital.com.br\/index.php?rest_route=%2Fwp%2Fv2%2Fcomments&post=92311"}],"version-history":[{"count":0,"href":"https:\/\/diarioregionaldigital.com.br\/index.php?rest_route=\/wp\/v2\/posts\/92311\/revisions"}],"wp:featuredmedia":[{"embeddable":true,"href":"https:\/\/diarioregionaldigital.com.br\/index.php?rest_route=\/wp\/v2\/media\/92310"}],"wp:attachment":[{"href":"https:\/\/diarioregionaldigital.com.br\/index.php?rest_route=%2Fwp%2Fv2%2Fmedia&parent=92311"}],"wp:term":[{"taxonomy":"category","embeddable":true,"href":"https:\/\/diarioregionaldigital.com.br\/index.php?rest_route=%2Fwp%2Fv2%2Fcategories&post=92311"},{"taxonomy":"post_tag","embeddable":true,"href":"https:\/\/diarioregionaldigital.com.br\/index.php?rest_route=%2Fwp%2Fv2%2Ftags&post=92311"}],"curies":[{"name":"wp","href":"https:\/\/api.w.org\/{rel}","templated":true}]}}