{"id":92309,"date":"2018-02-21T18:40:49","date_gmt":"2018-02-21T21:40:49","guid":{"rendered":"http:\/\/diarioregionaljf.com.br\/2018\/02\/21\/morro-do-cristo-recebe-via-sacra-jovem-no-domingo\/"},"modified":"2018-02-21T18:40:49","modified_gmt":"2018-02-21T21:40:49","slug":"morro-do-cristo-recebe-via-sacra-jovem-no-domingo","status":"publish","type":"post","link":"https:\/\/diarioregionaldigital.com.br\/?p=92309","title":{"rendered":"Morro do Cristo recebe via-sacra jovem no domingo"},"content":{"rendered":"<p>Como acontece tradicionalmente no segundo domingo da Quaresma, a Arquidiocese de Juiz de Fora promove, no pr\u00f3ximo dia 25 de fevereiro, mais uma edi\u00e7\u00e3o da Via-Sacra Jovem ao Morro do Cristo. Assim como nos anos anteriores, a concentra\u00e7\u00e3o ser\u00e1 na Igreja Nossa Senhora de F\u00e1tima, na Cidade Alta, a partir das 8h.<\/p>\n<p>\u00c0s 8h30 haver\u00e1 celebra\u00e7\u00e3o da Santa Missa, presidida pelo arcebispo metropolitano Dom Gil Ant\u00f4nio Moreira, e com a presen\u00e7a de diversos sacerdotes. Ap\u00f3s a missa, todos seguir\u00e3o em cortejo em dire\u00e7\u00e3o ao Morro do Cristo. Durante o caminho, haver\u00e1 medita\u00e7\u00e3o das 15 esta\u00e7\u00f5es da Via-Sacra &#8211; percurso feito por Jesus desde a pris\u00e3o e condena\u00e7\u00e3o at\u00e9 sua morte &#8211; e proclama\u00e7\u00e3o da ressurrei\u00e7\u00e3o, de acordo com o subs\u00eddio da Campanha da Fraternidade 2018. As reflex\u00f5es tamb\u00e9m recordar\u00e3o a celebra\u00e7\u00e3o do Ano Nacional do Laicato.<\/p>\n<p>Na chegada ao Morro do Imperador, haver\u00e1 b\u00ean\u00e7\u00e3o final e lanche partilhado. A expectativa \u00e9 que cerca de cinco mil pessoas participem da nona edi\u00e7\u00e3o do evento.<\/p>\n<p>A Igreja Nossa Senhora de F\u00e1tima fica na Rua Nossa Senhora de F\u00e1tima, n\u00ba52, bairro Nossa Senhora de F\u00e1tima, zona Oeste.<\/p>\n<p>&nbsp;<\/p>\n<p>Fonte: Assessoria<\/p>\n","protected":false},"excerpt":{"rendered":"<p>Como acontece tradicionalmente no segundo domingo da Quaresma, a Arquidiocese de Juiz de Fora promove, no pr\u00f3ximo dia 25 de fevereiro, mais uma edi\u00e7\u00e3o da Via-Sacra Jovem ao Morro do Cristo. Assim como nos anos anteriores, a concentra\u00e7\u00e3o ser\u00e1 na Igreja Nossa Senhora de F\u00e1tima, na Cidade Alta, a partir das 8h. \u00c0s 8h30 haver\u00e1 [&hellip;]<\/p>\n","protected":false},"author":96,"featured_media":92308,"comment_status":"closed","ping_status":"closed","sticky":false,"template":"","format":"standard","meta":{"footnotes":""},"categories":[253],"tags":[],"class_list":["post-92309","post","type-post","status-publish","format-standard","has-post-thumbnail","hentry","category-cidade"],"_links":{"self":[{"href":"https:\/\/diarioregionaldigital.com.br\/index.php?rest_route=\/wp\/v2\/posts\/92309","targetHints":{"allow":["GET"]}}],"collection":[{"href":"https:\/\/diarioregionaldigital.com.br\/index.php?rest_route=\/wp\/v2\/posts"}],"about":[{"href":"https:\/\/diarioregionaldigital.com.br\/index.php?rest_route=\/wp\/v2\/types\/post"}],"author":[{"embeddable":true,"href":"https:\/\/diarioregionaldigital.com.br\/index.php?rest_route=\/wp\/v2\/users\/96"}],"replies":[{"embeddable":true,"href":"https:\/\/diarioregionaldigital.com.br\/index.php?rest_route=%2Fwp%2Fv2%2Fcomments&post=92309"}],"version-history":[{"count":0,"href":"https:\/\/diarioregionaldigital.com.br\/index.php?rest_route=\/wp\/v2\/posts\/92309\/revisions"}],"wp:featuredmedia":[{"embeddable":true,"href":"https:\/\/diarioregionaldigital.com.br\/index.php?rest_route=\/wp\/v2\/media\/92308"}],"wp:attachment":[{"href":"https:\/\/diarioregionaldigital.com.br\/index.php?rest_route=%2Fwp%2Fv2%2Fmedia&parent=92309"}],"wp:term":[{"taxonomy":"category","embeddable":true,"href":"https:\/\/diarioregionaldigital.com.br\/index.php?rest_route=%2Fwp%2Fv2%2Fcategories&post=92309"},{"taxonomy":"post_tag","embeddable":true,"href":"https:\/\/diarioregionaldigital.com.br\/index.php?rest_route=%2Fwp%2Fv2%2Ftags&post=92309"}],"curies":[{"name":"wp","href":"https:\/\/api.w.org\/{rel}","templated":true}]}}