{"id":92277,"date":"2018-02-21T14:46:45","date_gmt":"2018-02-21T17:46:45","guid":{"rendered":"http:\/\/diarioregionaljf.com.br\/2018\/02\/21\/escolas-e-grupos-podem-agendar-visitas-ao-centro-de-ciencias-da-ufjf\/"},"modified":"2018-02-21T14:46:45","modified_gmt":"2018-02-21T17:46:45","slug":"escolas-e-grupos-podem-agendar-visitas-ao-centro-de-ciencias-da-ufjf","status":"publish","type":"post","link":"https:\/\/diarioregionaldigital.com.br\/?p=92277","title":{"rendered":"Escolas e grupos podem agendar visitas ao Centro de Ci\u00eancias"},"content":{"rendered":"<p>Est\u00e1 aberto o agendamento de escolas e grupos para visitas ao Centro de Ci\u00eancias da Universidade Federal de Juiz de Fora (UFJF) para os meses de mar\u00e7o e abril de 2018. A marca\u00e7\u00e3o para as visitas precisa ser feita online por meio deste <a href=\"https:\/\/www.eventbrite.com.br\/e\/agendamento-visitas-de-escolas-ao-centro-de-ciencias-ufjf-tickets-42924711969\">link<\/a>. O respons\u00e1vel pelo agendamento deve escolher entre os roteiros guiados \u201cAprenda Brincando\u201d e \u201cEnergia Nuclear\u201d, ambos dispon\u00edveis para as visitas agendadas.<\/p>\n<p>O roteiro \u201cAprenda Brincando\u201d \u00e9 uma oportunidade de aprender conceitos cient\u00edficos sobre F\u00edsica por meio de equipamentos interativos e l\u00fadicos. O sal\u00e3o \u00e9 equipado com materiais que demonstram como a ci\u00eancia est\u00e1 presente no cotidiano. Eles v\u00e3o desde uma maquete de uma casa, com simula\u00e7\u00e3o de consumo de energia el\u00e9trica, at\u00e9 uma sala que divide sua sombra em tr\u00eas. Esse trajeto tamb\u00e9m conta com um laborat\u00f3rio de brinquedos cient\u00edficos e com uma sess\u00e3o do planet\u00e1rio.<\/p>\n<p>Para a exposi\u00e7\u00e3o \u201cEnergia Nuclear\u201d est\u00e3o dispon\u00edveis instala\u00e7\u00f5es com atividades para conhecer, debater e opinar sobre quest\u00f5es relacionadas \u00e0 energia nuclear. Os visitantes tamb\u00e9m podem interagir com os equipamentos da exposi\u00e7\u00e3o \u201cAprenda Brincando\u201d e assistir a uma sess\u00e3o do planet\u00e1rio.<\/p>\n<p>Assim que a inscri\u00e7\u00e3o for finalizada, o respons\u00e1vel receber\u00e1 um e-mail de confirma\u00e7\u00e3o com um formul\u00e1rio anexado. \u00c9 preciso estar atento, pois \u00e9 obrigat\u00f3rio levar o formul\u00e1rio impresso e assinado pelo respons\u00e1vel da escola ou do grupo no dia da visita.<\/p>\n<h3>Confira o cronograma dos agendamentos<\/h3>\n<p>Visitas em mar\u00e7o e abril: inscri\u00e7\u00f5es a partir de 20 de fevereiro;<br \/>Visitas em maio, junho e julho: inscri\u00e7\u00f5es a partir de 2 de abril;<br \/>Visitas em agosto e setembro: inscri\u00e7\u00f5es a partir de 2 de julho;<br \/>Visitas em outubro, novembro e dezembro: inscri\u00e7\u00f5es a partir de 3 de setembro.<\/p>\n<p>Em caso de d\u00favidas, h\u00e1 um v\u00eddeo de instru\u00e7\u00f5es dispon\u00edvel.<\/p>\n<hr \/>\n<p>&nbsp;Fonte: Assessoria\/UFJF<\/p>\n","protected":false},"excerpt":{"rendered":"<p>Est\u00e1 aberto o agendamento de escolas e grupos para visitas ao Centro de Ci\u00eancias da Universidade Federal de Juiz de Fora (UFJF) para os meses de mar\u00e7o e abril de 2018. A marca\u00e7\u00e3o para as visitas precisa ser feita online por meio deste link. O respons\u00e1vel pelo agendamento deve escolher entre os roteiros guiados \u201cAprenda [&hellip;]<\/p>\n","protected":false},"author":96,"featured_media":92276,"comment_status":"closed","ping_status":"closed","sticky":false,"template":"","format":"standard","meta":{"footnotes":""},"categories":[253],"tags":[],"class_list":["post-92277","post","type-post","status-publish","format-standard","has-post-thumbnail","hentry","category-cidade"],"_links":{"self":[{"href":"https:\/\/diarioregionaldigital.com.br\/index.php?rest_route=\/wp\/v2\/posts\/92277","targetHints":{"allow":["GET"]}}],"collection":[{"href":"https:\/\/diarioregionaldigital.com.br\/index.php?rest_route=\/wp\/v2\/posts"}],"about":[{"href":"https:\/\/diarioregionaldigital.com.br\/index.php?rest_route=\/wp\/v2\/types\/post"}],"author":[{"embeddable":true,"href":"https:\/\/diarioregionaldigital.com.br\/index.php?rest_route=\/wp\/v2\/users\/96"}],"replies":[{"embeddable":true,"href":"https:\/\/diarioregionaldigital.com.br\/index.php?rest_route=%2Fwp%2Fv2%2Fcomments&post=92277"}],"version-history":[{"count":0,"href":"https:\/\/diarioregionaldigital.com.br\/index.php?rest_route=\/wp\/v2\/posts\/92277\/revisions"}],"wp:featuredmedia":[{"embeddable":true,"href":"https:\/\/diarioregionaldigital.com.br\/index.php?rest_route=\/wp\/v2\/media\/92276"}],"wp:attachment":[{"href":"https:\/\/diarioregionaldigital.com.br\/index.php?rest_route=%2Fwp%2Fv2%2Fmedia&parent=92277"}],"wp:term":[{"taxonomy":"category","embeddable":true,"href":"https:\/\/diarioregionaldigital.com.br\/index.php?rest_route=%2Fwp%2Fv2%2Fcategories&post=92277"},{"taxonomy":"post_tag","embeddable":true,"href":"https:\/\/diarioregionaldigital.com.br\/index.php?rest_route=%2Fwp%2Fv2%2Ftags&post=92277"}],"curies":[{"name":"wp","href":"https:\/\/api.w.org\/{rel}","templated":true}]}}