{"id":92275,"date":"2018-02-21T14:38:09","date_gmt":"2018-02-21T17:38:09","guid":{"rendered":"http:\/\/diarioregionaljf.com.br\/2018\/02\/21\/forcas-armadas-direcionaram-orcamento-para-acao-no-rio-de-janeiro-diz-ministro\/"},"modified":"2018-02-21T14:38:09","modified_gmt":"2018-02-21T17:38:09","slug":"forcas-armadas-direcionaram-orcamento-para-acao-no-rio-de-janeiro-diz-ministro","status":"publish","type":"post","link":"https:\/\/diarioregionaldigital.com.br\/?p=92275","title":{"rendered":"For\u00e7as Armadas direcionaram Or\u00e7amento para a\u00e7\u00e3o no Rio de Janeiro, diz ministro"},"content":{"rendered":"<p>As For\u00e7as Armadas est\u00e3o redirecionando o pr\u00f3prio Or\u00e7amento deste ano para a a\u00e7\u00e3o no Rio de Janeiro, segundo o ministro da Fazenda, Henrique Meirelles. &#8220;N\u00f3s temos verbas dispon\u00edveis dentro do Or\u00e7amento para a a\u00e7\u00e3o das For\u00e7as Armadas no Rio de Janeiro. At\u00e9 o momento n\u00e3o h\u00e1 nenhum pedido especifico de recursos adicionais&#8221;, disse hoje, 21, \u00e0 jornalistas.<\/p>\n<p>Na segunda-feira, 19, o ministro afirmou que, com o Or\u00e7amento de 2018 j\u00e1 no limite do teto de gastos, o governo federal ter\u00e1 que remanejar recursos de outras \u00e1reas para investir nas For\u00e7as Armadas, caso o Ex\u00e9rcito precise de mais dinheiro para atuar no Rio de Janeiro. Esses recursos podem ser usados, por exemplo, para combust\u00edvel ou armamento.<\/p>\n<p>Meirelles acrescentou que o pedido deve vir das For\u00e7as Armadas, mais especificamente, do general Walter Souza Braga Netto, designado como interventor. Cabe ao estado do Rio de Janeiro manter os pagamentos usuais. &#8220;O Rio de Janeiro segue cumprindo com as suas despesas normais de pagamento dos policiais, do tr\u00e2nsito, do combust\u00edvel dos ve\u00edculos, da pol\u00edcia. Isso n\u00e3o altera, continua normalmente&#8221;, diz Meirelles.<\/p>\n<p>O ministro acrescentou que a pasta est\u00e1 trabalhando pela recupera\u00e7\u00e3o financeira do estado, por meio do Regime de Recupera\u00e7\u00e3o Fiscal dos Estados. O governo do estado recebeu um empr\u00e9stimo banc\u00e1rio de cerca de R$2,9 bilh\u00f5es a partir da penhora de a\u00e7\u00f5es da Companhia Estadual de \u00c1guas e Esgotos do Rio de Janeiro.<\/p>\n<p>Segundo o ministro, um novo empr\u00e9stimo, que tem como garantia royalties do petr\u00f3leo e dever\u00e1 ser de aproximadamente R$1 bilh\u00e3o, dever\u00e1 ser feito ao Rio de Janeiro.<\/p>\n<hr \/>\n<p>&nbsp;Fonte: Ag\u00eancia Brasil<\/p>\n","protected":false},"excerpt":{"rendered":"<p>As For\u00e7as Armadas est\u00e3o redirecionando o pr\u00f3prio Or\u00e7amento deste ano para a a\u00e7\u00e3o no Rio de Janeiro, segundo o ministro da Fazenda, Henrique Meirelles. &#8220;N\u00f3s temos verbas dispon\u00edveis dentro do Or\u00e7amento para a a\u00e7\u00e3o das For\u00e7as Armadas no Rio de Janeiro. At\u00e9 o momento n\u00e3o h\u00e1 nenhum pedido especifico de recursos adicionais&#8221;, disse hoje, 21, [&hellip;]<\/p>\n","protected":false},"author":96,"featured_media":92274,"comment_status":"closed","ping_status":"closed","sticky":false,"template":"","format":"standard","meta":{"footnotes":""},"categories":[261],"tags":[],"class_list":["post-92275","post","type-post","status-publish","format-standard","has-post-thumbnail","hentry","category-economia"],"_links":{"self":[{"href":"https:\/\/diarioregionaldigital.com.br\/index.php?rest_route=\/wp\/v2\/posts\/92275","targetHints":{"allow":["GET"]}}],"collection":[{"href":"https:\/\/diarioregionaldigital.com.br\/index.php?rest_route=\/wp\/v2\/posts"}],"about":[{"href":"https:\/\/diarioregionaldigital.com.br\/index.php?rest_route=\/wp\/v2\/types\/post"}],"author":[{"embeddable":true,"href":"https:\/\/diarioregionaldigital.com.br\/index.php?rest_route=\/wp\/v2\/users\/96"}],"replies":[{"embeddable":true,"href":"https:\/\/diarioregionaldigital.com.br\/index.php?rest_route=%2Fwp%2Fv2%2Fcomments&post=92275"}],"version-history":[{"count":0,"href":"https:\/\/diarioregionaldigital.com.br\/index.php?rest_route=\/wp\/v2\/posts\/92275\/revisions"}],"wp:featuredmedia":[{"embeddable":true,"href":"https:\/\/diarioregionaldigital.com.br\/index.php?rest_route=\/wp\/v2\/media\/92274"}],"wp:attachment":[{"href":"https:\/\/diarioregionaldigital.com.br\/index.php?rest_route=%2Fwp%2Fv2%2Fmedia&parent=92275"}],"wp:term":[{"taxonomy":"category","embeddable":true,"href":"https:\/\/diarioregionaldigital.com.br\/index.php?rest_route=%2Fwp%2Fv2%2Fcategories&post=92275"},{"taxonomy":"post_tag","embeddable":true,"href":"https:\/\/diarioregionaldigital.com.br\/index.php?rest_route=%2Fwp%2Fv2%2Ftags&post=92275"}],"curies":[{"name":"wp","href":"https:\/\/api.w.org\/{rel}","templated":true}]}}