{"id":92271,"date":"2018-02-21T14:11:36","date_gmt":"2018-02-21T17:11:36","guid":{"rendered":"http:\/\/diarioregionaljf.com.br\/2018\/02\/21\/trump-fala-em-mudancas-de-regras-sobre-armas-nos-estados-unidos\/"},"modified":"2018-02-21T14:11:36","modified_gmt":"2018-02-21T17:11:36","slug":"trump-fala-em-mudancas-de-regras-sobre-armas-nos-estados-unidos","status":"publish","type":"post","link":"https:\/\/diarioregionaldigital.com.br\/?p=92271","title":{"rendered":"Trump fala em mudan\u00e7as de regras sobre armas nos Estados Unidos"},"content":{"rendered":"<p>Os protestos na Fl\u00f3rida e em frente \u00e0 Casa Branca de alunos da escola de Parksland, onde um jovem matou 17 pessoas e feriu 14 h\u00e1 uma semana, ecoaram no governo Trump. Pela primeira vez em um ano, o presidente falou em mudan\u00e7as. Em evento em Washington, nessa ter\u00e7a-feira, 20, Donald Trump voltou a afirmar que \u00e9 preciso mais prote\u00e7\u00e3o para as crian\u00e7as.<\/p>\n<p>Al\u00e9m disso, anunciou ter assinado um documento recomendando que o Departamento de Justi\u00e7a proponha uma lei ao Congresso que pro\u00edba o uso dos chamados bump stocks, dispositivos que permitem que fuzis semiautom\u00e1ticos disparem rajadas cont\u00ednuas e passem a funcionar como armas autom\u00e1ticas.<\/p>\n<p>Nesta quarta-feira, Trump tamb\u00e9m deve se reunir com professores e alunos para discutir a seguran\u00e7a nas escolas. Ele comentou no Twitter que republicanos e democratas devem se concentrar no fortalecimento da verifica\u00e7\u00e3o de antecedentes criminais. Essa \u00e9 uma proposta antiga das entidades que lutam pelo controle de armas, at\u00e9 ent\u00e3o criticada pela NRA, a associa\u00e7\u00e3o nacional do rifle, que mant\u00e9m poderoso lobby no Congresso, com doa\u00e7\u00f5es de grandes valores em dinheiro para financiar campanhas eleitorais no pa\u00eds.<\/p>\n<p>Nos \u00faltimos cinco anos foram registrados cerca de 300 tiroteios dentro das escolas norte-americanas, segundo estat\u00edsticas oficiais. Mas a press\u00e3o por mudan\u00e7as aumentou depois do massacre na escola da Fl\u00f3rida, ocorrido h\u00e1 uma semana. Pais, alunos e professores fizeram marchas e protestos cobrando mudan\u00e7as nas regras sobre a venda de armas.<\/p>\n<p>O Departamento de Crian\u00e7as e Fam\u00edlias da Fl\u00f3rida informou que Nikolas Cruz, acusado do massacre na escola de ensino m\u00e9dio, sofria de depress\u00e3o e teve diagn\u00f3stico de autismo e d\u00e9ficit de aten\u00e7\u00e3o. Mesmo assim, ele conseguiu comprar uma arma depois de ter recebido prescri\u00e7\u00e3o de rem\u00e9dios controlados e de ter sido considerado uma pessoa vulner\u00e1vel de acordo com o documento m\u00e9dico.<\/p>\n<hr \/>\n<p>&nbsp;Fonte: Ag\u00eancia Brasil<\/p>\n","protected":false},"excerpt":{"rendered":"<p>Os protestos na Fl\u00f3rida e em frente \u00e0 Casa Branca de alunos da escola de Parksland, onde um jovem matou 17 pessoas e feriu 14 h\u00e1 uma semana, ecoaram no governo Trump. Pela primeira vez em um ano, o presidente falou em mudan\u00e7as. Em evento em Washington, nessa ter\u00e7a-feira, 20, Donald Trump voltou a afirmar [&hellip;]<\/p>\n","protected":false},"author":96,"featured_media":92270,"comment_status":"closed","ping_status":"closed","sticky":false,"template":"","format":"standard","meta":{"footnotes":""},"categories":[302],"tags":[],"class_list":["post-92271","post","type-post","status-publish","format-standard","has-post-thumbnail","hentry","category-brasil-mundo"],"_links":{"self":[{"href":"https:\/\/diarioregionaldigital.com.br\/index.php?rest_route=\/wp\/v2\/posts\/92271","targetHints":{"allow":["GET"]}}],"collection":[{"href":"https:\/\/diarioregionaldigital.com.br\/index.php?rest_route=\/wp\/v2\/posts"}],"about":[{"href":"https:\/\/diarioregionaldigital.com.br\/index.php?rest_route=\/wp\/v2\/types\/post"}],"author":[{"embeddable":true,"href":"https:\/\/diarioregionaldigital.com.br\/index.php?rest_route=\/wp\/v2\/users\/96"}],"replies":[{"embeddable":true,"href":"https:\/\/diarioregionaldigital.com.br\/index.php?rest_route=%2Fwp%2Fv2%2Fcomments&post=92271"}],"version-history":[{"count":0,"href":"https:\/\/diarioregionaldigital.com.br\/index.php?rest_route=\/wp\/v2\/posts\/92271\/revisions"}],"wp:featuredmedia":[{"embeddable":true,"href":"https:\/\/diarioregionaldigital.com.br\/index.php?rest_route=\/wp\/v2\/media\/92270"}],"wp:attachment":[{"href":"https:\/\/diarioregionaldigital.com.br\/index.php?rest_route=%2Fwp%2Fv2%2Fmedia&parent=92271"}],"wp:term":[{"taxonomy":"category","embeddable":true,"href":"https:\/\/diarioregionaldigital.com.br\/index.php?rest_route=%2Fwp%2Fv2%2Fcategories&post=92271"},{"taxonomy":"post_tag","embeddable":true,"href":"https:\/\/diarioregionaldigital.com.br\/index.php?rest_route=%2Fwp%2Fv2%2Ftags&post=92271"}],"curies":[{"name":"wp","href":"https:\/\/api.w.org\/{rel}","templated":true}]}}