{"id":92269,"date":"2018-02-21T13:54:36","date_gmt":"2018-02-21T16:54:36","guid":{"rendered":"http:\/\/diarioregionaljf.com.br\/2018\/02\/21\/lideres-do-ptb-se-reunem-com-temer-e-devem-tratar-de-indicacao\/"},"modified":"2018-02-21T13:54:36","modified_gmt":"2018-02-21T16:54:36","slug":"lideres-do-ptb-se-reunem-com-temer-e-devem-tratar-de-indicacao","status":"publish","type":"post","link":"https:\/\/diarioregionaldigital.com.br\/?p=92269","title":{"rendered":"L\u00edderes do PTB se re\u00fanem com Temer e devem tratar de indica\u00e7\u00e3o para o novo ministro"},"content":{"rendered":"<p>Ap\u00f3s o PTB ter desistido da indica\u00e7\u00e3o da deputada federal Cristiane Brasil (RJ) para o comando do Minist\u00e9rio do Trabalho, o presidente nacional do partido, Roberto Jefferson, e o l\u00edder do PTB na C\u00e2mara dos Deputados, Jovair Arantes (GO), est\u00e3o reunidos na manh\u00e3 de hoje, 21, com o presidente Michel Temer, no Pal\u00e1cio do Planalto.<\/p>\n<p>Eles devem indicar ao presidente um novo nome do partido para ocupar a pasta do Trabalho. Ontem, 20, Roberto Jefferson, que \u00e9 pai de Cristiane Brasil, divulgou em sua conta no Twitter a decis\u00e3o de desistir da indica\u00e7\u00e3o da deputada. Ele registrou que a atitude \u201cvisa a proteger a integridade de Cristiane e n\u00e3o deixar parada a administra\u00e7\u00e3o do minist\u00e9rio\u201d.<\/p>\n<p>Atualmente, a pasta \u00e9 comandada pelo secret\u00e1rio-executivo, Helton Yomura, que tem acumulado as duas fun\u00e7\u00f5es.<\/p>\n<p>A nomea\u00e7\u00e3o de Cristiane Brasil foi anunciada pelo presidente Michel Temer em janeiro, mas a deputada foi impedida de tomar posse ap\u00f3s uma decis\u00e3o liminar do juiz Leonardo da Costa Couceiro, da 4\u00aa Vara Federal de Niter\u00f3i. O motivo foi uma a\u00e7\u00e3o popular questionando a ida da deputada para o minist\u00e9rio por ter sido condenada pela Justi\u00e7a do Trabalho a pagar mais de R$60 mil a um ex-motorista, em decorr\u00eancia de irregularidades trabalhistas.<\/p>\n<p>Em seguida, a posse tamb\u00e9m foi suspensa por decis\u00f5es da segunda inst\u00e2ncia da Justi\u00e7a Federal no Rio de Janeiro e pela presidente do Supremo Tribunal Federal (STF), ministra C\u00e1rmen L\u00facia. Na semana passada, C\u00e1rmem L\u00facia definiu que cabe \u00e0 Corte decidir sobre a posse de Cristiane Brasil no Minist\u00e9rio do Trabalho.<\/p>\n<p>Na mensagem divulgada ontem no Twitter, Roberto Jefferson tamb\u00e9m atribui a retirada de indica\u00e7\u00e3o de Cristiane \u00e0 \u201cindecis\u00e3o da ministra [do Supremo Tribunal Federal] C\u00e1rmen L\u00facia em n\u00e3o julgar o m\u00e9rito neste primeiro semestre\u201d.<\/p>\n<hr \/>\n<p>&nbsp;Fonte: Ag\u00eancia Brasil<\/p>\n","protected":false},"excerpt":{"rendered":"<p>Ap\u00f3s o PTB ter desistido da indica\u00e7\u00e3o da deputada federal Cristiane Brasil (RJ) para o comando do Minist\u00e9rio do Trabalho, o presidente nacional do partido, Roberto Jefferson, e o l\u00edder do PTB na C\u00e2mara dos Deputados, Jovair Arantes (GO), est\u00e3o reunidos na manh\u00e3 de hoje, 21, com o presidente Michel Temer, no Pal\u00e1cio do Planalto. [&hellip;]<\/p>\n","protected":false},"author":96,"featured_media":92268,"comment_status":"closed","ping_status":"closed","sticky":false,"template":"","format":"standard","meta":{"footnotes":""},"categories":[254],"tags":[],"class_list":["post-92269","post","type-post","status-publish","format-standard","has-post-thumbnail","hentry","category-politica"],"_links":{"self":[{"href":"https:\/\/diarioregionaldigital.com.br\/index.php?rest_route=\/wp\/v2\/posts\/92269","targetHints":{"allow":["GET"]}}],"collection":[{"href":"https:\/\/diarioregionaldigital.com.br\/index.php?rest_route=\/wp\/v2\/posts"}],"about":[{"href":"https:\/\/diarioregionaldigital.com.br\/index.php?rest_route=\/wp\/v2\/types\/post"}],"author":[{"embeddable":true,"href":"https:\/\/diarioregionaldigital.com.br\/index.php?rest_route=\/wp\/v2\/users\/96"}],"replies":[{"embeddable":true,"href":"https:\/\/diarioregionaldigital.com.br\/index.php?rest_route=%2Fwp%2Fv2%2Fcomments&post=92269"}],"version-history":[{"count":0,"href":"https:\/\/diarioregionaldigital.com.br\/index.php?rest_route=\/wp\/v2\/posts\/92269\/revisions"}],"wp:featuredmedia":[{"embeddable":true,"href":"https:\/\/diarioregionaldigital.com.br\/index.php?rest_route=\/wp\/v2\/media\/92268"}],"wp:attachment":[{"href":"https:\/\/diarioregionaldigital.com.br\/index.php?rest_route=%2Fwp%2Fv2%2Fmedia&parent=92269"}],"wp:term":[{"taxonomy":"category","embeddable":true,"href":"https:\/\/diarioregionaldigital.com.br\/index.php?rest_route=%2Fwp%2Fv2%2Fcategories&post=92269"},{"taxonomy":"post_tag","embeddable":true,"href":"https:\/\/diarioregionaldigital.com.br\/index.php?rest_route=%2Fwp%2Fv2%2Ftags&post=92269"}],"curies":[{"name":"wp","href":"https:\/\/api.w.org\/{rel}","templated":true}]}}