{"id":92267,"date":"2018-02-21T13:43:38","date_gmt":"2018-02-21T16:43:38","guid":{"rendered":"http:\/\/diarioregionaljf.com.br\/2018\/02\/21\/forcas-armadas-participam-de-varredura-em-presidio-no-rio\/"},"modified":"2018-02-21T13:43:38","modified_gmt":"2018-02-21T16:43:38","slug":"forcas-armadas-participam-de-varredura-em-presidio-no-rio","status":"publish","type":"post","link":"https:\/\/diarioregionaldigital.com.br\/?p=92267","title":{"rendered":"For\u00e7as Armadas participam de varredura em pres\u00eddio no Rio"},"content":{"rendered":"<p>As For\u00e7as Armadas participam na manh\u00e3 de hoje, 21, de uma opera\u00e7\u00e3o de varredura na Penitenci\u00e1ria Milton Dias Moreira, em Japeri, na Baixada Fluminense. A opera\u00e7\u00e3o segue o decreto de Garantia da Lei da Ordem (GLO), assinado em julho de 2017 pelo presidente Michel Temer, para a realiza\u00e7\u00e3o de opera\u00e7\u00f5es integradas entre as for\u00e7as de seguran\u00e7a estaduais e federais no Rio de Janeiro.<\/p>\n<p>Detentos do pres\u00eddio iniciaram uma rebeli\u00e3o no fim da tarde de domingo, 18, e 18 pessoas chegaram a ser feitas ref\u00e9ns, sendo oito agentes e 10 presos. A situa\u00e7\u00e3o foi controlada no dia 19 e foram apreendidos um rev\u00f3lver, duas pistolas e uma granada de efeito moral.<\/p>\n<p>Segundo a Secretaria de Estado de Administra\u00e7\u00e3o Penitenci\u00e1ria, o apoio das For\u00e7as Armadas \u00e9 log\u00edstico, com a utiliza\u00e7\u00e3o de c\u00e3es farejadores e especialistas em detec\u00e7\u00e3o de metais. Caber\u00e1 aos agentes penitenci\u00e1rios a realiza\u00e7\u00e3o de vasculhamento e varredura t\u00e1til.<\/p>\n<p>A nota divulgada pela secretaria informa ainda que os militares em nenhum momento estabelecer\u00e3o contato com os detentos. Os pavilh\u00f5es ser\u00e3o evacuados previamente pelos agentes penitenci\u00e1rios para que possa ser realizada a inspe\u00e7\u00e3o dos militares.<\/p>\n<hr \/>\n<p>&nbsp;Fonte: Ag\u00eancia Brasil<\/p>\n","protected":false},"excerpt":{"rendered":"<p>As For\u00e7as Armadas participam na manh\u00e3 de hoje, 21, de uma opera\u00e7\u00e3o de varredura na Penitenci\u00e1ria Milton Dias Moreira, em Japeri, na Baixada Fluminense. A opera\u00e7\u00e3o segue o decreto de Garantia da Lei da Ordem (GLO), assinado em julho de 2017 pelo presidente Michel Temer, para a realiza\u00e7\u00e3o de opera\u00e7\u00f5es integradas entre as for\u00e7as de [&hellip;]<\/p>\n","protected":false},"author":96,"featured_media":92266,"comment_status":"closed","ping_status":"closed","sticky":false,"template":"","format":"standard","meta":{"footnotes":""},"categories":[302],"tags":[],"class_list":["post-92267","post","type-post","status-publish","format-standard","has-post-thumbnail","hentry","category-brasil-mundo"],"_links":{"self":[{"href":"https:\/\/diarioregionaldigital.com.br\/index.php?rest_route=\/wp\/v2\/posts\/92267","targetHints":{"allow":["GET"]}}],"collection":[{"href":"https:\/\/diarioregionaldigital.com.br\/index.php?rest_route=\/wp\/v2\/posts"}],"about":[{"href":"https:\/\/diarioregionaldigital.com.br\/index.php?rest_route=\/wp\/v2\/types\/post"}],"author":[{"embeddable":true,"href":"https:\/\/diarioregionaldigital.com.br\/index.php?rest_route=\/wp\/v2\/users\/96"}],"replies":[{"embeddable":true,"href":"https:\/\/diarioregionaldigital.com.br\/index.php?rest_route=%2Fwp%2Fv2%2Fcomments&post=92267"}],"version-history":[{"count":0,"href":"https:\/\/diarioregionaldigital.com.br\/index.php?rest_route=\/wp\/v2\/posts\/92267\/revisions"}],"wp:featuredmedia":[{"embeddable":true,"href":"https:\/\/diarioregionaldigital.com.br\/index.php?rest_route=\/wp\/v2\/media\/92266"}],"wp:attachment":[{"href":"https:\/\/diarioregionaldigital.com.br\/index.php?rest_route=%2Fwp%2Fv2%2Fmedia&parent=92267"}],"wp:term":[{"taxonomy":"category","embeddable":true,"href":"https:\/\/diarioregionaldigital.com.br\/index.php?rest_route=%2Fwp%2Fv2%2Fcategories&post=92267"},{"taxonomy":"post_tag","embeddable":true,"href":"https:\/\/diarioregionaldigital.com.br\/index.php?rest_route=%2Fwp%2Fv2%2Ftags&post=92267"}],"curies":[{"name":"wp","href":"https:\/\/api.w.org\/{rel}","templated":true}]}}