{"id":92265,"date":"2018-02-21T13:40:55","date_gmt":"2018-02-21T16:40:55","guid":{"rendered":"http:\/\/diarioregionaljf.com.br\/2018\/02\/21\/escola-do-procon-jf-inicia-curso-basico-de-direito-do-consumidor\/"},"modified":"2018-02-21T13:40:55","modified_gmt":"2018-02-21T16:40:55","slug":"escola-do-procon-jf-inicia-curso-basico-de-direito-do-consumidor","status":"publish","type":"post","link":"https:\/\/diarioregionaldigital.com.br\/?p=92265","title":{"rendered":"Escola do Procon\/JF inicia Curso B\u00e1sico de Direito do Consumidor"},"content":{"rendered":"<p>A Ag\u00eancia de Prote\u00e7\u00e3o e Defesa do Consumidor (Procon\/JF) da Prefeitura de Juiz de Fora (PJF) iniciou na segunda-feira, 19, o Curso B\u00e1sico de Direito do Consumidor, abordando assuntos como evolu\u00e7\u00e3o e hist\u00f3ria relacionadas ao tema e responsabilidades pelo produto e servi\u00e7o, entre outros.<\/p>\n<p>Ser\u00e3o 15 aulas, sempre \u00e0s segundas-feiras, das 18h30 \u00e0s 20h30. A aula inaugural contou com palestra da ju\u00edza de Direito da Vara de Sucess\u00f5es e coordenadora do Centro de Solu\u00e7\u00e3o de Conflitos e Cidadania (Cejusc), Ivone Campos Guilarducci Cerqueira, que falou sobre o fortalecimento dos direitos dos consumidores e as senten\u00e7as de car\u00e1ter pedag\u00f3gico punitivo. O superintendente do Procon\/JF, Eduardo Schr\u00f6der, ressaltou os objetivos do curso: \u201cAl\u00e9m de ser uma das atribui\u00e7\u00f5es do Procon, \u00e9 de fundamental import\u00e2ncia para o equil\u00edbrio das rela\u00e7\u00f5es de consumo, pois ajuda a prevenir conflitos e a difundir na sociedade os direitos do consumidor. A inten\u00e7\u00e3o \u00e9 que, cada vez mais, o cidad\u00e3o possa estar ciente dos seus direitos e deveres, resolvendo por si s\u00f3 seus problemas\u201d.<\/p>\n<p>Promovido pela Escola de Direito do Consumidor e Educa\u00e7\u00e3o Financeira (Edcef), do Procon\/JF, o curso b\u00e1sico faz parte de uma s\u00e9rie de outras programa\u00e7\u00f5es. Assim, nesta quarta-feira, 21,ter\u00e1 in\u00edcio o \u201cCurso Avan\u00e7ado de Processo Administrativo\u201d. A grade de hor\u00e1rio tamb\u00e9m contar\u00e1 com 15 aulas, sempre das 18h30 \u00e0s 20h30, \u00e0s quartas-feiras. Ser\u00e3o discutidos itens como instaura\u00e7\u00e3o do processo, elabora\u00e7\u00e3o de decis\u00e3o administrativa e dosimetria da pena, com aplica\u00e7\u00e3o de multa sobre caso concreto, al\u00e9m do estudo da jurisprud\u00eancia atual.<\/p>\n<p>Ainda nesta programa\u00e7\u00e3o da Edcef est\u00e1 o \u201cCurso de Educa\u00e7\u00e3o Financeira\u201d, que ser\u00e1 ministrado a partir de 6 de mar\u00e7o, \u00e0s ter\u00e7as-feiras, das 18h30 \u00e0s 20h30, com carga hor\u00e1ria de quatro aulas. Ser\u00e3o abordadas quest\u00f5es como estudos das caracter\u00edsticas econ\u00f4micas do Brasil atual, a compra com consci\u00eancia e a liberdade financeira, al\u00e9m da abordagem dos quatro pilares da \u201cmetodologia Dsop\u201d (diagnosticar, sonhar, or\u00e7ar e poupar).<\/p>\n<p>Os cursos t\u00eam participa\u00e7\u00e3o de servidores municipais e consumidores de modo geral. As vagas para os pr\u00f3ximos cursos j\u00e1 foram preenchidas, mas h\u00e1 uma lista de espera. O Procon prev\u00ea a abertura de novas turmas.<\/p>\n<hr \/>\n<p>&nbsp;Fonte: Assessoria\/PJF<\/p>\n","protected":false},"excerpt":{"rendered":"<p>A Ag\u00eancia de Prote\u00e7\u00e3o e Defesa do Consumidor (Procon\/JF) da Prefeitura de Juiz de Fora (PJF) iniciou na segunda-feira, 19, o Curso B\u00e1sico de Direito do Consumidor, abordando assuntos como evolu\u00e7\u00e3o e hist\u00f3ria relacionadas ao tema e responsabilidades pelo produto e servi\u00e7o, entre outros. Ser\u00e3o 15 aulas, sempre \u00e0s segundas-feiras, das 18h30 \u00e0s 20h30. A [&hellip;]<\/p>\n","protected":false},"author":96,"featured_media":92264,"comment_status":"closed","ping_status":"closed","sticky":false,"template":"","format":"standard","meta":{"footnotes":""},"categories":[253],"tags":[],"class_list":["post-92265","post","type-post","status-publish","format-standard","has-post-thumbnail","hentry","category-cidade"],"_links":{"self":[{"href":"https:\/\/diarioregionaldigital.com.br\/index.php?rest_route=\/wp\/v2\/posts\/92265","targetHints":{"allow":["GET"]}}],"collection":[{"href":"https:\/\/diarioregionaldigital.com.br\/index.php?rest_route=\/wp\/v2\/posts"}],"about":[{"href":"https:\/\/diarioregionaldigital.com.br\/index.php?rest_route=\/wp\/v2\/types\/post"}],"author":[{"embeddable":true,"href":"https:\/\/diarioregionaldigital.com.br\/index.php?rest_route=\/wp\/v2\/users\/96"}],"replies":[{"embeddable":true,"href":"https:\/\/diarioregionaldigital.com.br\/index.php?rest_route=%2Fwp%2Fv2%2Fcomments&post=92265"}],"version-history":[{"count":0,"href":"https:\/\/diarioregionaldigital.com.br\/index.php?rest_route=\/wp\/v2\/posts\/92265\/revisions"}],"wp:featuredmedia":[{"embeddable":true,"href":"https:\/\/diarioregionaldigital.com.br\/index.php?rest_route=\/wp\/v2\/media\/92264"}],"wp:attachment":[{"href":"https:\/\/diarioregionaldigital.com.br\/index.php?rest_route=%2Fwp%2Fv2%2Fmedia&parent=92265"}],"wp:term":[{"taxonomy":"category","embeddable":true,"href":"https:\/\/diarioregionaldigital.com.br\/index.php?rest_route=%2Fwp%2Fv2%2Fcategories&post=92265"},{"taxonomy":"post_tag","embeddable":true,"href":"https:\/\/diarioregionaldigital.com.br\/index.php?rest_route=%2Fwp%2Fv2%2Ftags&post=92265"}],"curies":[{"name":"wp","href":"https:\/\/api.w.org\/{rel}","templated":true}]}}