{"id":92259,"date":"2018-02-20T23:26:47","date_gmt":"2018-02-21T02:26:47","guid":{"rendered":"http:\/\/diarioregionaljf.com.br\/2018\/02\/20\/candidatos-denunciam-casos-de-fraude-no-ingresso-de-cotistas-na-ufjf\/"},"modified":"2018-02-20T23:26:47","modified_gmt":"2018-02-21T02:26:47","slug":"candidatos-denunciam-casos-de-fraude-no-ingresso-de-cotistas-na-ufjf","status":"publish","type":"post","link":"https:\/\/diarioregionaldigital.com.br\/?p=92259","title":{"rendered":"Candidatos denunciam casos de fraude no ingresso de cotistas na UFJF"},"content":{"rendered":"<p>A Ouvidoria Geral da Universidade Federal de Juiz de Fora (UFJF) recebeu cerca de 16 den\u00fancias de fraude nas pol\u00edticas de cotas da institui\u00e7\u00e3o relacionada ao ingresso dos candidatos atrav\u00e9s do Sistema de Sele\u00e7\u00e3o Unificada (Sisu) e do Programa de Ingresso Seletivo Misto (Pism) deste ano.<\/p>\n<p>A equipe do Di\u00e1rio Regional conversou com um dos estudantes, que junto com amigos iniciou a mobiliza\u00e7\u00e3o na cidade. Ele alega ter sido lesionado devido \u00e0 fraude. O jovem tentou o ingresso atrav\u00e9s do Pism e pretende cursar Medicina. \u201cMeus amigos e eu come\u00e7amos a reivindica\u00e7\u00e3o ap\u00f3s o resultado do Pism e do Sisu depois de perceber as fraudes que resultaram que alguns participantes, inclusive a gente, n\u00e3o fossem selecionados. Nossa obje\u00e7\u00e3o se une a movimentos contra as fraudes nas cotas de outras universidades p\u00fablicas, como a Universidade Federal de Minas Gerais (UFMG) e Universidade Federal de Vi\u00e7osa (UFV)\u201d, afirmou o estudante.<\/p>\n<p>O grupo protocolou uma den\u00fancia na institui\u00e7\u00e3o e tem promovido um abaixo-assinado nas redes sociais. \u201cN\u00f3s o lan\u00e7amos na sexta-feira e ainda estamos colhendo assinaturas. Nosso objetivo \u00e9 que esses casos sejam avaliados e, se for comprovada a fraude, que o candidato perca a vaga como tem sido de praxe em outras universidades\u201d, ponderou. At\u00e9 o fechamento desta edi\u00e7\u00e3o, 2.265 pessoas j\u00e1 tinham assassinado o documento virtual.<\/p>\n<p>A iniciativa dos estudantes tem recebido apoio de diversos movimentos sociais e estudantis da cidade, dentre eles, o Diret\u00f3rio Central dos Estudantes (DCE) da UFJF.<\/p>\n<p>As den\u00fancias s\u00e3o de candidatos que teriam fraudado as cotas raciais, que s\u00e3o destinadas aos candidatos negros, pardos e ind\u00edgenas. \u201cTodas as acusa\u00e7\u00f5es s\u00e3o em rela\u00e7\u00e3o a candidatos que se autodeclararam pardos e quem est\u00e1 denunciando afirma que eles s\u00e3o brancos\u201d, disse o diretor de A\u00e7\u00f5es Afirmativas da UFJF, Julvan Moreira de Oliveira. Vale lembrar que o Brasil adota a autodeclara\u00e7\u00e3o racial, posi\u00e7\u00e3o tomada no documento da III Confer\u00eancia Mundial de Combate ao Racismo, Discrimina\u00e7\u00e3o Racial, Xenofobia e Intoler\u00e2ncia Correlata, realizada pela Organiza\u00e7\u00e3o das Na\u00e7\u00f5es Unidas (ONU) em 2001.<br \/>\u201cA partir do momento que eles fizerem a matr\u00edcula, a pr\u00f3-reitoria de Gradua\u00e7\u00e3o instalar\u00e1 o processo de investiga\u00e7\u00e3o\u201d, ressaltou Oliveira. As matr\u00edculas presenciais dos aprovados pelo Sisu ser\u00e3o realizadas nesta quarta e quinta-feira, 21 e 22. J\u00e1 as do Pism, ser\u00e3o entre os dias 1\u00ba e 2 de mar\u00e7o.<\/p>\n<p>A comiss\u00e3o de investiga\u00e7\u00e3o tem no m\u00e1ximo 30 dias para concluir os trabalhos. \u201cTemos que respeitar os seguintes tr\u00e2mites: notificar o acusado e ele tem um per\u00edodo de cinco dias para apresentar a sua defesa por escrito e documentos que a comprovem. Depois, a comiss\u00e3o analisa e, dependendo dos documentos, o estudante pode ser chamado para um conversa e em seguida o resultado \u00e9 dado\u201d, esclareceu o diretor de A\u00e7\u00f5es Afirmativas da UFJF. Se a comiss\u00e3o reconhecer que houve uma falsifica\u00e7\u00e3o na autodeclara\u00e7\u00e3o, o candidato \u00e9 desligado. A vaga ser\u00e1 destinada ao candidato seguinte da mesma lista do estudante desligado.<\/p>\n<p>Oliveira informou que est\u00e1 sendo constitu\u00edda a Comiss\u00e3o de Verifica\u00e7\u00e3o de Autodeclara\u00e7\u00e3o Racial que atuar\u00e1 nos pr\u00f3ximos processos seletivos. \u201cA quest\u00e3o \u00e9 que as cotas vieram para favorecer um p\u00fablico que antigamente estava exclu\u00eddo da universidade e infelizmente h\u00e1 alguns respons\u00e1veis que colaboram com os filhos falsificando documentos. Fico pensando que tipo de pai ou m\u00e3e \u00e9 esse que facilita para o filho a falsifica\u00e7\u00e3o de documento para entrar na universidade e tamb\u00e9m me pergunto que tipo de profissional ser\u00e1 esse que j\u00e1 est\u00e1 entrando falsificando documento. Esse \u00e9 um problema que necess\u00e1rio ser conscientizado\u201d, ponderou.<\/p>\n<h4>APOIO DO DCE<\/h4>\n<p>O DCE realizou na tarde dessa ter\u00e7a-feira, 20, uma reuni\u00e3o para debater o assunto. \u201cAl\u00e9m do debate sobre os casos, n\u00f3s tamb\u00e9m pontuamos quais s\u00e3o as iniciativas que podemos propor para que isso n\u00e3o ocorra futuramente na UFJF\u201d, disse a coordenadora geral do DCE, Ana Em\u00edlia Carvalho.<\/p>\n<p>Este foi o primeiro encontro e o Diret\u00f3rio deve ser reunir mais uma vez na pr\u00f3xima semana ap\u00f3s reuni\u00e3o com a Diretoria de A\u00e7\u00f5es Afirmativas (Diaf) nesta quarta-feira, 21. \u201cVamos apresentar algumas propostas j\u00e1 discutidas, pedir para ter acesso melhor a essas den\u00fancias para acompanhar esses casos e questionar como a Diaf trata essas acusa\u00e7\u00f5es para assim podermos abrir uma canal de di\u00e1logo com a Diretoria e pressionar a reitoria por uma postura mais r\u00edgida, aprofundando a discuss\u00e3o sobre a verifica\u00e7\u00e3o de ingresso por cota. Esse assunto deve ser discutido com o movimento estudantil e negro da universidade\u201d, finalizou.<\/p>\n","protected":false},"excerpt":{"rendered":"<p>A Ouvidoria Geral da Universidade Federal de Juiz de Fora (UFJF) recebeu cerca de 16 den\u00fancias de fraude nas pol\u00edticas de cotas da institui\u00e7\u00e3o relacionada ao ingresso dos candidatos atrav\u00e9s do Sistema de Sele\u00e7\u00e3o Unificada (Sisu) e do Programa de Ingresso Seletivo Misto (Pism) deste ano. A equipe do Di\u00e1rio Regional conversou com um dos [&hellip;]<\/p>\n","protected":false},"author":96,"featured_media":92258,"comment_status":"closed","ping_status":"closed","sticky":false,"template":"","format":"standard","meta":{"footnotes":""},"categories":[253],"tags":[],"class_list":["post-92259","post","type-post","status-publish","format-standard","has-post-thumbnail","hentry","category-cidade"],"_links":{"self":[{"href":"https:\/\/diarioregionaldigital.com.br\/index.php?rest_route=\/wp\/v2\/posts\/92259","targetHints":{"allow":["GET"]}}],"collection":[{"href":"https:\/\/diarioregionaldigital.com.br\/index.php?rest_route=\/wp\/v2\/posts"}],"about":[{"href":"https:\/\/diarioregionaldigital.com.br\/index.php?rest_route=\/wp\/v2\/types\/post"}],"author":[{"embeddable":true,"href":"https:\/\/diarioregionaldigital.com.br\/index.php?rest_route=\/wp\/v2\/users\/96"}],"replies":[{"embeddable":true,"href":"https:\/\/diarioregionaldigital.com.br\/index.php?rest_route=%2Fwp%2Fv2%2Fcomments&post=92259"}],"version-history":[{"count":0,"href":"https:\/\/diarioregionaldigital.com.br\/index.php?rest_route=\/wp\/v2\/posts\/92259\/revisions"}],"wp:featuredmedia":[{"embeddable":true,"href":"https:\/\/diarioregionaldigital.com.br\/index.php?rest_route=\/wp\/v2\/media\/92258"}],"wp:attachment":[{"href":"https:\/\/diarioregionaldigital.com.br\/index.php?rest_route=%2Fwp%2Fv2%2Fmedia&parent=92259"}],"wp:term":[{"taxonomy":"category","embeddable":true,"href":"https:\/\/diarioregionaldigital.com.br\/index.php?rest_route=%2Fwp%2Fv2%2Fcategories&post=92259"},{"taxonomy":"post_tag","embeddable":true,"href":"https:\/\/diarioregionaldigital.com.br\/index.php?rest_route=%2Fwp%2Fv2%2Ftags&post=92259"}],"curies":[{"name":"wp","href":"https:\/\/api.w.org\/{rel}","templated":true}]}}