{"id":92257,"date":"2018-02-20T22:47:32","date_gmt":"2018-02-21T01:47:32","guid":{"rendered":"http:\/\/diarioregionaljf.com.br\/2018\/02\/20\/edital-para-concurso-da-camara-municipal-deve-sair-no-fim-de-marco\/"},"modified":"2018-02-20T22:47:32","modified_gmt":"2018-02-21T01:47:32","slug":"edital-para-concurso-da-camara-municipal-deve-sair-no-fim-de-marco","status":"publish","type":"post","link":"https:\/\/diarioregionaldigital.com.br\/?p=92257","title":{"rendered":"Edital para concurso da C\u00e2mara Municipal deve sair no fim de mar\u00e7o"},"content":{"rendered":"<p>O presidente da C\u00e2mara Municipal de Juiz de Fora, Rodrigo Mattos (PSDB), e os membros da comiss\u00e3o interna respons\u00e1vel pelo concurso p\u00fablico se reuniram com os representantes da Consulpam, empresa respons\u00e1vel pela realiza\u00e7\u00e3o do concurso, na tarde desta ter\u00e7a-feira, 20. Durante a reuni\u00e3o, entre outros detalhes, ficou definido que o edital do certame ser\u00e1 publicado em 30 dias, mais especificamente no dia 22 de mar\u00e7o.<\/p>\n<p>Ap\u00f3s a publica\u00e7\u00e3o do edital \u00e9 necess\u00e1rio um prazo de 60 dias para que o Tribunal de Contas do Estado (TCE) possa analisar o documento. A partir disso, a C\u00e2mara fica autorizada a abrir as inscri\u00e7\u00f5es.<\/p>\n<p>No final do m\u00eas de janeiro, Mattos anunciou que as inscri\u00e7\u00f5es ter\u00e3o valor de R$11,50 para os cargos de n\u00edvel m\u00e9dio e t\u00e9cnico e R$16,30 para o n\u00edvel superior. No total, o concurso oferece 30 vagas, entre cargos de n\u00edvel m\u00e9dio, t\u00e9cnico e superior.<\/p>\n<p>Este \u00e9 o maior concurso p\u00fablico j\u00e1 realizado pela C\u00e2mara. A inten\u00e7\u00e3o de ampliar o n\u00famero de concursados foi manifestada pelo parlamentar desde o in\u00edcio da sua primeira gest\u00e3o \u00e0 frente da Casa, no bi\u00eanio 2015\/2016, com o objetivo de equilibrar o n\u00famero de servidores de carreira em rela\u00e7\u00e3o ao quadro de comissionados.<\/p>\n<p>Fonte: Assessoria<\/p>\n","protected":false},"excerpt":{"rendered":"<p>O presidente da C\u00e2mara Municipal de Juiz de Fora, Rodrigo Mattos (PSDB), e os membros da comiss\u00e3o interna respons\u00e1vel pelo concurso p\u00fablico se reuniram com os representantes da Consulpam, empresa respons\u00e1vel pela realiza\u00e7\u00e3o do concurso, na tarde desta ter\u00e7a-feira, 20. Durante a reuni\u00e3o, entre outros detalhes, ficou definido que o edital do certame ser\u00e1 publicado [&hellip;]<\/p>\n","protected":false},"author":96,"featured_media":92256,"comment_status":"closed","ping_status":"closed","sticky":false,"template":"","format":"standard","meta":{"footnotes":""},"categories":[253],"tags":[],"class_list":["post-92257","post","type-post","status-publish","format-standard","has-post-thumbnail","hentry","category-cidade"],"_links":{"self":[{"href":"https:\/\/diarioregionaldigital.com.br\/index.php?rest_route=\/wp\/v2\/posts\/92257","targetHints":{"allow":["GET"]}}],"collection":[{"href":"https:\/\/diarioregionaldigital.com.br\/index.php?rest_route=\/wp\/v2\/posts"}],"about":[{"href":"https:\/\/diarioregionaldigital.com.br\/index.php?rest_route=\/wp\/v2\/types\/post"}],"author":[{"embeddable":true,"href":"https:\/\/diarioregionaldigital.com.br\/index.php?rest_route=\/wp\/v2\/users\/96"}],"replies":[{"embeddable":true,"href":"https:\/\/diarioregionaldigital.com.br\/index.php?rest_route=%2Fwp%2Fv2%2Fcomments&post=92257"}],"version-history":[{"count":0,"href":"https:\/\/diarioregionaldigital.com.br\/index.php?rest_route=\/wp\/v2\/posts\/92257\/revisions"}],"wp:featuredmedia":[{"embeddable":true,"href":"https:\/\/diarioregionaldigital.com.br\/index.php?rest_route=\/wp\/v2\/media\/92256"}],"wp:attachment":[{"href":"https:\/\/diarioregionaldigital.com.br\/index.php?rest_route=%2Fwp%2Fv2%2Fmedia&parent=92257"}],"wp:term":[{"taxonomy":"category","embeddable":true,"href":"https:\/\/diarioregionaldigital.com.br\/index.php?rest_route=%2Fwp%2Fv2%2Fcategories&post=92257"},{"taxonomy":"post_tag","embeddable":true,"href":"https:\/\/diarioregionaldigital.com.br\/index.php?rest_route=%2Fwp%2Fv2%2Ftags&post=92257"}],"curies":[{"name":"wp","href":"https:\/\/api.w.org\/{rel}","templated":true}]}}