{"id":92255,"date":"2018-02-20T22:38:44","date_gmt":"2018-02-21T01:38:44","guid":{"rendered":"http:\/\/diarioregionaljf.com.br\/2018\/02\/20\/lbv-entrega-material-escolar-para-criancas-carentes-em-juiz-de-fora\/"},"modified":"2018-02-20T22:38:44","modified_gmt":"2018-02-21T01:38:44","slug":"lbv-entrega-material-escolar-para-criancas-carentes-em-juiz-de-fora","status":"publish","type":"post","link":"https:\/\/diarioregionaldigital.com.br\/?p=92255","title":{"rendered":"LBV entrega material escolar para crian\u00e7as carentes em Juiz de Fora"},"content":{"rendered":"<p>Na manh\u00e3 dessa ter\u00e7a-feira, 20, cerca de 100 crian\u00e7as de fam\u00edlias de baixa renda da cidade foram beneficiadas com kits de materiais escolares atrav\u00e9s da campanha \u201cCrian\u00e7a Nota 10 &#8211; Proteger a inf\u00e2ncia \u00e9 acreditar no futuro!\u201d. A iniciativa promovida pela Legi\u00e3o da Boa Vontade (LBV), organiza\u00e7\u00e3o sem fins lucrativos, visa combater os \u00edndices de analfabetismo, de evas\u00e3o escolar e de pobreza no pa\u00eds.<\/p>\n<p>\u201cInfelizmente temos muitas crian\u00e7as fora da escola no pa\u00eds, e a dificuldade financeira \u00e9 o principal obst\u00e1culo que desestimula as crian\u00e7as a estudar. A campanha \u00e9 baseada na entrega de materiais pedag\u00f3gicos, fornecendo o necess\u00e1rio para essas crian\u00e7as terem acesso \u00e0 educa\u00e7\u00e3o e continuarem na escola\u201d, explica a gestora social da unidade em Juiz de Fora, Adriana Pereira da Silva.<\/p>\n<p>Anualmente, entre os meses de fevereiro e mar\u00e7o, a institui\u00e7\u00e3o entrega os kits, que s\u00e3o compostos de acordo com a faixa et\u00e1ria dos estudantes e cont\u00e9m itens como: estojo, l\u00e1pis preto e de cor, canetas, apontador, borrachas, tesoura, tubos de cola, tinta guache, cadernos, mochila, r\u00e9gua, entre outros. A previs\u00e3o \u00e9 que at\u00e9 o fim do per\u00edodo 22 mil crian\u00e7as em todo o pa\u00eds sejam beneficiadas. \u201cS\u00e3o jovens de fam\u00edlias em situa\u00e7\u00e3o de vulnerabilidade que participam das atividades em suas escolas de Educa\u00e7\u00e3o B\u00e1sica e nos Centros Comunit\u00e1rios de Assist\u00eancia Social da LBV, localizados em diversas cidades do pa\u00eds\u201d, diz Adriana.<\/p>\n<p>Em Juiz de Fora, a unidade funciona na Rua Francisco Fontainha, n\u00ba 83, no bairro Santo Ant\u00f4nio. A LBV oferece o apoio necess\u00e1rio \u00e0s fam\u00edlias para que os filhos tenham acesso \u00e0 educa\u00e7\u00e3o e a garantia e prote\u00e7\u00e3o de seus direitos, al\u00e9m de outros benef\u00edcios. No centro, eles realizam atividades socioeducativas, esportivas, culturais, art\u00edsticas, l\u00fadicas e recreativas e projetos permanentes de incentivo \u00e0 leitura.<\/p>\n<p>Para a realiza\u00e7\u00e3o da campanha, a LBV conta com doa\u00e7\u00f5es da popula\u00e7\u00e3o, de colaboradores, de volunt\u00e1rios, de empresas parceiras e o apoio da m\u00eddia. As doa\u00e7\u00f5es podem ser feitas pelo site www.lbv.org ou pelo telefone 0800 055 50 99.<\/p>\n","protected":false},"excerpt":{"rendered":"<p>Na manh\u00e3 dessa ter\u00e7a-feira, 20, cerca de 100 crian\u00e7as de fam\u00edlias de baixa renda da cidade foram beneficiadas com kits de materiais escolares atrav\u00e9s da campanha \u201cCrian\u00e7a Nota 10 &#8211; Proteger a inf\u00e2ncia \u00e9 acreditar no futuro!\u201d. A iniciativa promovida pela Legi\u00e3o da Boa Vontade (LBV), organiza\u00e7\u00e3o sem fins lucrativos, visa combater os \u00edndices de [&hellip;]<\/p>\n","protected":false},"author":96,"featured_media":0,"comment_status":"closed","ping_status":"closed","sticky":false,"template":"","format":"standard","meta":{"footnotes":""},"categories":[253],"tags":[],"class_list":["post-92255","post","type-post","status-publish","format-standard","hentry","category-cidade"],"_links":{"self":[{"href":"https:\/\/diarioregionaldigital.com.br\/index.php?rest_route=\/wp\/v2\/posts\/92255","targetHints":{"allow":["GET"]}}],"collection":[{"href":"https:\/\/diarioregionaldigital.com.br\/index.php?rest_route=\/wp\/v2\/posts"}],"about":[{"href":"https:\/\/diarioregionaldigital.com.br\/index.php?rest_route=\/wp\/v2\/types\/post"}],"author":[{"embeddable":true,"href":"https:\/\/diarioregionaldigital.com.br\/index.php?rest_route=\/wp\/v2\/users\/96"}],"replies":[{"embeddable":true,"href":"https:\/\/diarioregionaldigital.com.br\/index.php?rest_route=%2Fwp%2Fv2%2Fcomments&post=92255"}],"version-history":[{"count":0,"href":"https:\/\/diarioregionaldigital.com.br\/index.php?rest_route=\/wp\/v2\/posts\/92255\/revisions"}],"wp:attachment":[{"href":"https:\/\/diarioregionaldigital.com.br\/index.php?rest_route=%2Fwp%2Fv2%2Fmedia&parent=92255"}],"wp:term":[{"taxonomy":"category","embeddable":true,"href":"https:\/\/diarioregionaldigital.com.br\/index.php?rest_route=%2Fwp%2Fv2%2Fcategories&post=92255"},{"taxonomy":"post_tag","embeddable":true,"href":"https:\/\/diarioregionaldigital.com.br\/index.php?rest_route=%2Fwp%2Fv2%2Ftags&post=92255"}],"curies":[{"name":"wp","href":"https:\/\/api.w.org\/{rel}","templated":true}]}}