{"id":92254,"date":"2018-02-20T22:34:51","date_gmt":"2018-02-21T01:34:51","guid":{"rendered":"http:\/\/diarioregionaljf.com.br\/2018\/02\/20\/atraso-na-coleta-faz-populacao-se-preocupar-com-acumulo-de-lixo-nas-ruas\/"},"modified":"2018-02-20T22:34:51","modified_gmt":"2018-02-21T01:34:51","slug":"atraso-na-coleta-faz-populacao-se-preocupar-com-acumulo-de-lixo-nas-ruas","status":"publish","type":"post","link":"https:\/\/diarioregionaldigital.com.br\/?p=92254","title":{"rendered":"Atraso na coleta faz popula\u00e7\u00e3o se preocupar com ac\u00famulo de lixo nas ruas"},"content":{"rendered":"<p>Uma moradora do bairro Manoel Hon\u00f3rio, zona Leste, procurou a reportagem do Di\u00e1rio Regional para relatar o ac\u00famulo de lixo nas ruas do bairro. Segundo a estudante de 24 anos, que preferiu n\u00e3o se identificar, o caminh\u00e3o do Departamento Municipal de Limpeza Urbana (Demlurb) do munic\u00edpio que, habitualmente, recolhe o lixo na segunda-feira, quarta-feira e sexta-feira, sempre \u00e0s 18h, n\u00e3o tem passado nos dias certos. \u201cConstantemente, o lixo tem se acumulado. Na semana passada, o ve\u00edculo n\u00e3o circulou aqui no bairro na sexta, e s\u00f3 foi recolher o lixo no s\u00e1bado, por volta das 20h. As ruas t\u00eam ficado sujas, ratos \u2018passeiam\u2019 pelos entulhos, moscas pairam sobre a sujeira e os riscos de doen\u00e7as aumentam\u201d, diz a jovem.<\/p>\n<p>Nessa segunda, 19, de acordo com ela, o lixo foi recolhido \u00e0s 20h. O problema tamb\u00e9m ocorre em outros bairros. \u201cEm todos os locais que passei, seja pelo Bairu que \u00e9 aqui perto, no Centro, ou at\u00e9 mesmo indo para a faculdade, presenciei a situa\u00e7\u00e3o\u201d, afirma.<\/p>\n<p>A reclama\u00e7\u00e3o vem \u00e0 tona cerca de uma semana ap\u00f3s funcion\u00e1rios do Demlurb paralisarem as atividades, alegando m\u00e1s condi\u00e7\u00f5es de trabalho, motivo que tem levado o Sindicato dos Servidores P\u00fablicos Municipais (Sinserpu) a reivindicar. \u201cO Demlurb est\u00e1 com a frota sucateada. Dos 27 caminh\u00f5es alocados at\u00e9 a \u00faltima sexta-feira, apenas 11 estavam rodando. Isso tem trazido uma sobrecarga muito grande para os trabalhadores, uma vez que eles chegam \u00e0 empresa entre 6h30 e 7h, mas s\u00f3 conseguem iniciar a coleta na parte da tarde, quase sempre por falta de ve\u00edculos. O turno acaba se estendendo, o que gera uma sobrecarga emocional sobre os profissionais e um desgaste f\u00edsico\u201d, refor\u00e7a o presidente do sindicato, Amarildo Romanazzi.<\/p>\n<p>A falta de manuten\u00e7\u00e3o dos caminh\u00f5es foi um dos problemas destacados pelo Sinserpu. \u201cMuitas das vezes, pe\u00e7as velhas s\u00e3o usadas para reparar um caminh\u00e3o. Isso traz inseguran\u00e7a e mais dificuldades para o trabalhador\u201d, diz. \u201cTemos cobrado fiscaliza\u00e7\u00e3o por parte do Demlurb da empresa respons\u00e1vel pelo conserto, mas vimos que nada tem sido feito. Acaba que quem sofre com as consequ\u00eancias s\u00e3o os trabalhadores e a popula\u00e7\u00e3o, pois o lixo est\u00e1 derramado nas ruas, e, nesse per\u00edodo chuvoso, pode entupir bueiros e provocar enchentes ou parar nos rios\u201d, acrescenta Romanazzi.<\/p>\n<p>Em junho do ano passado, o prefeito Bruno Siqueira (PMDB) anunciou a licita\u00e7\u00e3o para a contrata\u00e7\u00e3o da empresa respons\u00e1vel pelos novos ve\u00edculos da frota do Demlurb. O an\u00fancio aconteceu ap\u00f3s o registro de quatro acidentes no per\u00edodo de maio a junho, envolvendo os caminh\u00f5es do departamento. Por\u00e9m, em setembro do mesmo ano, por determina\u00e7\u00e3o do Tribunal de Contas do Estado de Minas Gerais (TCE-MG), o processo foi suspenso por tempo indeterminado.<\/p>\n<h4>ESCLARECIMENTOS<\/h4>\n<p>&nbsp;<\/p>\n<p>Em nota, o Demlurb informa que o servi\u00e7o de coleta j\u00e1 foi normalizado em toda a cidade. Conforme o Departamento, devido ao fechamento do com\u00e9rcio durante o feriado de Carnaval, houve dificuldade na compra das pe\u00e7as necess\u00e1rias ao reparo de alguns equipamentos.&nbsp;&#8220;O Demlurb tamb\u00e9m refor\u00e7a o aumento no volume de lixo gerado, que passou de 380 toneladas para 800 toneladas por dia. Com isso, ocorreu um atraso pontual nos servi\u00e7os de coleta domiciliar&#8221;, complementa a nota.<\/p>\n<p>O \u00f3rg\u00e3o ressalta que a frota de ve\u00edculos conta com caminh\u00f5es reservas para substituir os que est\u00e3o em manuten\u00e7\u00e3o, mas ainda h\u00e1 alta taxa de rotatividade desses ve\u00edculos, decorrente do atraso no processo de licita\u00e7\u00e3o. &#8220;Estas quest\u00f5es ser\u00e3o sanadas com a conclus\u00e3o do processo licitat\u00f3rio&#8221;, esclarece.<\/p>\n","protected":false},"excerpt":{"rendered":"<p>Uma moradora do bairro Manoel Hon\u00f3rio, zona Leste, procurou a reportagem do Di\u00e1rio Regional para relatar o ac\u00famulo de lixo nas ruas do bairro. Segundo a estudante de 24 anos, que preferiu n\u00e3o se identificar, o caminh\u00e3o do Departamento Municipal de Limpeza Urbana (Demlurb) do munic\u00edpio que, habitualmente, recolhe o lixo na segunda-feira, quarta-feira e [&hellip;]<\/p>\n","protected":false},"author":96,"featured_media":0,"comment_status":"closed","ping_status":"closed","sticky":false,"template":"","format":"standard","meta":{"footnotes":""},"categories":[253],"tags":[],"class_list":["post-92254","post","type-post","status-publish","format-standard","hentry","category-cidade"],"_links":{"self":[{"href":"https:\/\/diarioregionaldigital.com.br\/index.php?rest_route=\/wp\/v2\/posts\/92254","targetHints":{"allow":["GET"]}}],"collection":[{"href":"https:\/\/diarioregionaldigital.com.br\/index.php?rest_route=\/wp\/v2\/posts"}],"about":[{"href":"https:\/\/diarioregionaldigital.com.br\/index.php?rest_route=\/wp\/v2\/types\/post"}],"author":[{"embeddable":true,"href":"https:\/\/diarioregionaldigital.com.br\/index.php?rest_route=\/wp\/v2\/users\/96"}],"replies":[{"embeddable":true,"href":"https:\/\/diarioregionaldigital.com.br\/index.php?rest_route=%2Fwp%2Fv2%2Fcomments&post=92254"}],"version-history":[{"count":0,"href":"https:\/\/diarioregionaldigital.com.br\/index.php?rest_route=\/wp\/v2\/posts\/92254\/revisions"}],"wp:attachment":[{"href":"https:\/\/diarioregionaldigital.com.br\/index.php?rest_route=%2Fwp%2Fv2%2Fmedia&parent=92254"}],"wp:term":[{"taxonomy":"category","embeddable":true,"href":"https:\/\/diarioregionaldigital.com.br\/index.php?rest_route=%2Fwp%2Fv2%2Fcategories&post=92254"},{"taxonomy":"post_tag","embeddable":true,"href":"https:\/\/diarioregionaldigital.com.br\/index.php?rest_route=%2Fwp%2Fv2%2Ftags&post=92254"}],"curies":[{"name":"wp","href":"https:\/\/api.w.org\/{rel}","templated":true}]}}