{"id":92249,"date":"2018-02-20T21:31:51","date_gmt":"2018-02-21T00:31:51","guid":{"rendered":"http:\/\/diarioregionaljf.com.br\/2018\/02\/20\/edital-de-convocacao-sindedif-jf\/"},"modified":"2018-08-13T20:36:45","modified_gmt":"2018-08-13T23:36:45","slug":"edital-de-convocacao-sindedif-jf","status":"publish","type":"post","link":"https:\/\/diarioregionaldigital.com.br\/?p=92249","title":{"rendered":"EDITAL DE CONVOCA\u00c7\u00c3O &#8211; SINDEDIF-JF 21\/02\/2018"},"content":{"rendered":"<p style=\"text-align: center;\"><span class=\"h4\">EDITAL DE CONVOCA\u00c7\u00c3O \u2013 ASSEMBLEIA GERAL EXTRAORDIN\u00c1RIA<\/span><br \/>O Presidente do Sindicato dos Empregados em Edif\u00edcios e Empregados em Empresas de Compra, Venda, Loca\u00e7\u00e3o e Administra\u00e7\u00e3o de Im\u00f3veis Comerciais e Residenciais de Juiz de Fora \u2013 SINDEDIF-JF, inscrito no CNPJ sob o n\u00ba. 21.176.789\/0001-06, no uso de suas atribui\u00e7\u00f5es estatut\u00e1rias, convoca todos os integrantes da categoria (associados ou n\u00e3o), na base territorial desta entidade sindical, ou seja, no munic\u00edpio de Juiz de Fora, para comparecerem \u00e0 Assembleia Geral Extraordin\u00e1ria (AGE) a ser realizada no dia 26 de fevereiro de 2018, \u00e0s 16:30 horas, em primeira convoca\u00e7\u00e3o, ou, caso n\u00e3o haja qu\u00f3rum na primeira convoca\u00e7\u00e3o, \u00e0s 17:30 horas, em segunda convoca\u00e7\u00e3o, com qualquer n\u00famero de presentes, na sede da entidade, na Av. Get\u00falio Vargas, n\u00ba 828 \u2013 Sala 603, Centro, Juiz de Fora (MG), para discuss\u00e3o e delibera\u00e7\u00e3o da seguinte Ordem do Dia: 1) Leitura do Edital de Convoca\u00e7\u00e3o; 2) Leitura, discuss\u00e3o e aprova\u00e7\u00e3o (ou n\u00e3o) da Ata de AGE anterior; 3) Aprova\u00e7\u00e3o (ou n\u00e3o) de autoriza\u00e7\u00e3o coletiva pr\u00e9via e expressa, mediante Assembleia Geral da categoria, nos termos do Estatuto da entidade, na forma dos artigos 578 e seguintes da CLT, com a reda\u00e7\u00e3o da Lei n\u00ba 13.467\/2017 e com base no Enunciado n\u00ba 38 da ANAMATRA (Associa\u00e7\u00e3o Nacional dos Magistrados da Justi\u00e7a do Trabalho), para o desconto da Contribui\u00e7\u00e3o Sindical no exerc\u00edcio de 2018, a ser descontada de todos os trabalhadores participantes da categoria profissional representada por esta entidade sindical, independentemente de associa\u00e7\u00e3o ou sindicaliza\u00e7\u00e3o, objetivando a manuten\u00e7\u00e3o da funcionalidade e representatividade do Sindicato; 4) Reda\u00e7\u00e3o, leitura, discuss\u00e3o e aprova\u00e7\u00e3o (ou n\u00e3o) da Ata da AGE ora convocada; e 5) Encerramento. &#8211; Juiz de Fora (MG), 21 de fevereiro de 2018. \u2013 LUIZ JOS\u00c9 DA SILVA \u2013 Presidente.<\/p>\n","protected":false},"excerpt":{"rendered":"<p>EDITAL DE CONVOCA\u00c7\u00c3O \u2013 ASSEMBLEIA GERAL EXTRAORDIN\u00c1RIAO Presidente do Sindicato dos Empregados em Edif\u00edcios e Empregados em Empresas de Compra, Venda, Loca\u00e7\u00e3o e Administra\u00e7\u00e3o de Im\u00f3veis Comerciais e Residenciais de Juiz de Fora \u2013 SINDEDIF-JF, inscrito no CNPJ sob o n\u00ba. 21.176.789\/0001-06, no uso de suas atribui\u00e7\u00f5es estatut\u00e1rias, convoca todos os integrantes da categoria (associados [&hellip;]<\/p>\n","protected":false},"author":96,"featured_media":0,"comment_status":"closed","ping_status":"closed","sticky":false,"template":"","format":"standard","meta":{"footnotes":""},"categories":[307],"tags":[],"class_list":["post-92249","post","type-post","status-publish","format-standard","hentry","category-editais"],"_links":{"self":[{"href":"https:\/\/diarioregionaldigital.com.br\/index.php?rest_route=\/wp\/v2\/posts\/92249","targetHints":{"allow":["GET"]}}],"collection":[{"href":"https:\/\/diarioregionaldigital.com.br\/index.php?rest_route=\/wp\/v2\/posts"}],"about":[{"href":"https:\/\/diarioregionaldigital.com.br\/index.php?rest_route=\/wp\/v2\/types\/post"}],"author":[{"embeddable":true,"href":"https:\/\/diarioregionaldigital.com.br\/index.php?rest_route=\/wp\/v2\/users\/96"}],"replies":[{"embeddable":true,"href":"https:\/\/diarioregionaldigital.com.br\/index.php?rest_route=%2Fwp%2Fv2%2Fcomments&post=92249"}],"version-history":[{"count":0,"href":"https:\/\/diarioregionaldigital.com.br\/index.php?rest_route=\/wp\/v2\/posts\/92249\/revisions"}],"wp:attachment":[{"href":"https:\/\/diarioregionaldigital.com.br\/index.php?rest_route=%2Fwp%2Fv2%2Fmedia&parent=92249"}],"wp:term":[{"taxonomy":"category","embeddable":true,"href":"https:\/\/diarioregionaldigital.com.br\/index.php?rest_route=%2Fwp%2Fv2%2Fcategories&post=92249"},{"taxonomy":"post_tag","embeddable":true,"href":"https:\/\/diarioregionaldigital.com.br\/index.php?rest_route=%2Fwp%2Fv2%2Ftags&post=92249"}],"curies":[{"name":"wp","href":"https:\/\/api.w.org\/{rel}","templated":true}]}}