{"id":92248,"date":"2018-02-20T21:12:08","date_gmt":"2018-02-21T00:12:08","guid":{"rendered":"http:\/\/diarioregionaljf.com.br\/2018\/02\/20\/baile-de-gala-da-banda-daki\/"},"modified":"2018-02-20T21:12:08","modified_gmt":"2018-02-21T00:12:08","slug":"baile-de-gala-da-banda-daki","status":"publish","type":"post","link":"https:\/\/diarioregionaldigital.com.br\/?p=92248","title":{"rendered":"\u201cBaile de Gala da Banda Daki\u201d"},"content":{"rendered":"<p style=\"text-align: center;\"><span class=\"h4\">Sabores<\/span><br \/>Participantes do curso \u201cCaf\u00e9s do mundo\u201d fizeram um passeio sensorial por 24 caf\u00e9s de diferentes origens, da regi\u00e3o mineira do Capara\u00f3 at\u00e9 pa\u00edses como Eti\u00f3pia e Col\u00f4mbia. Al\u00e9m da experi\u00eancia de sabores, eles puderam entender, melhor caracter\u00edsticas como cultivares, regi\u00f5es, exporta\u00e7\u00f5es e at\u00e9 pre\u00e7os. O grupo de Minas Gerais, era numeroso.<\/p>\n<p style=\"text-align: center;\"><span class=\"h4\">Suor<\/span><br \/>Haja gin\u00e1stica para o governo conseguir administrar as contas p\u00fablicas: a Secretaria do Tesouro vai contratar empresa para dar oito aulas de gin\u00e1stica di\u00e1rias (de dez minutos) a seus servidores. O edital exige (ainda bem) que as aulas possam ser feitas sem necessidade de roupas nem sapatos especiais e ainda orienta a evitar \u201c sudorese\u201d dos servidores. O servi\u00e7o sair\u00e1 por R$ 51 mil pelo prazo de um ano.<\/p>\n<p style=\"text-align: center;\"><span class=\"h4\">Comportamento<\/span><br \/>Quanto maior a escolaridade, menor \u00e9 a chance de uma pessoa ser obesa. Essa \u00e9 a conclus\u00e3o de uma pesquisa in\u00e9dita feita pela Fena Sa\u00fade \u2013 entidade que representa as operadoras de planos de sa\u00fade \u2013 a partir de dados do governo. Aos n\u00fameros: entre aqueles com 12 ou mais anos de estudo, apenas 14,9% s\u00e3o obesos, j\u00e1 na faixa at\u00e9 oito anos na escola, esse percentual sobe para 23,5%.<\/p>\n<p style=\"text-align: center;\"><span class=\"h4\">Chegou Chegando<\/span><br \/>A atriz Bruna Marquezine e o atacante do Barcelona, Neymar reataram o namoro no r\u00e9veillon. E a hashtag # Brumar (apelido do casal)voltou com for\u00e7a as redes sociais. At\u00e9 ontem, o Instagram j\u00e1 registrava 207.830 publica\u00e7\u00f5es. F\u00e3s e torcedores da sele\u00e7\u00e3o (pensando na performance do jogador) esperam que dure at\u00e9 a Copa.<\/p>\n<p style=\"text-align: center;\"><span class=\"h4\">Resenha Liter\u00e1ria<\/span><br \/>Com o selo da editora Companhia das Letras, o livro Karl Marx, faz com que o escritor brit\u00e2nico Gareth Stedman, ex-professor de Cambridge, relacione v\u00e1rios \u00e2ngulos da personalidade de Karl Marx numa celebrada biografia que vai de seu nascimento na Alemanha, at\u00e9 a morte na Inglaterra. Al\u00e9m de mostrar o homem por tr\u00e1s da obra, tra\u00e7a um hist\u00f3rico das id\u00e9ias do pensador.<\/p>\n<p style=\"text-align: center;\"><span class=\"h2 h3\">\u201cBaile de Gala da Banda Daki\u201d<\/span><br \/>Tendo como cen\u00e1rio a casa noturna NiverShow, o Baile de Gala da Banda Daki, superlotou o espa\u00e7o com explos\u00e3o de confete e serpentina. Os foli\u00f5es, a maioria fantasiados, foram recebidos pelo General da Banda Z\u00e9 Kodak, no maior alto astral. As fotos de Marc\u00edlio Gomes, s\u00e3o destaque hoje nesta p\u00e1gina. Confiram.<\/p>\n<p style=\"text-align: center;\"><img decoding=\"async\" class=\" size-full wp-image-92236\" src=\"http:\/\/diarioregionaljf.com.br\/wp-content\/uploads\/2018\/02\/diario-int-24329-1.JPG\" alt=\"fotoa.JPG\" width=\"680\" style=\"display: block; margin-left: auto; margin-right: auto;\" srcset=\"https:\/\/diarioregionaldigital.com.br\/wp-content\/uploads\/2018\/02\/diario-int-24329-1.JPG 680w, https:\/\/diarioregionaldigital.com.br\/wp-content\/uploads\/2018\/02\/diario-int-24329-1-300x199.jpg 300w, https:\/\/diarioregionaldigital.com.br\/wp-content\/uploads\/2018\/02\/diario-int-24329-1-360x238.jpg 360w\" sizes=\"(max-width: 680px) 100vw, 680px\" \/>O anfitri\u00e3o Z\u00e9 Kodak com a corte do carnaval e Eduardo Gomes<\/p>\n<p style=\"text-align: center;\"><img decoding=\"async\" class=\" size-full wp-image-92237\" src=\"http:\/\/diarioregionaljf.com.br\/wp-content\/uploads\/2018\/02\/diario-int-24329-2.JPG\" alt=\"fotob.JPG\" width=\"680\" style=\"display: block; margin-left: auto; margin-right: auto;\" srcset=\"https:\/\/diarioregionaldigital.com.br\/wp-content\/uploads\/2018\/02\/diario-int-24329-2.JPG 680w, https:\/\/diarioregionaldigital.com.br\/wp-content\/uploads\/2018\/02\/diario-int-24329-2-300x199.jpg 300w, https:\/\/diarioregionaldigital.com.br\/wp-content\/uploads\/2018\/02\/diario-int-24329-2-360x238.jpg 360w\" sizes=\"(max-width: 680px) 100vw, 680px\" \/>Ana da Banda, Nelson Resende, Carlos Guedes, Oswaldo Fernandes Filho, Palha\u00e7o Trombetinha<\/p>\n<p style=\"text-align: center;\"><img decoding=\"async\" class=\" size-full wp-image-92238\" src=\"http:\/\/diarioregionaljf.com.br\/wp-content\/uploads\/2018\/02\/diario-int-24329-3.JPG\" alt=\"fotoc.JPG\" width=\"680\" style=\"display: block; margin-left: auto; margin-right: auto;\" srcset=\"https:\/\/diarioregionaldigital.com.br\/wp-content\/uploads\/2018\/02\/diario-int-24329-3.JPG 680w, https:\/\/diarioregionaldigital.com.br\/wp-content\/uploads\/2018\/02\/diario-int-24329-3-300x199.jpg 300w, https:\/\/diarioregionaldigital.com.br\/wp-content\/uploads\/2018\/02\/diario-int-24329-3-360x238.jpg 360w\" sizes=\"(max-width: 680px) 100vw, 680px\" \/>Jorge J\u00fanior, Fabr\u00edcio Toledo (Bill), Neide Almada, Ursula Scavoline e Zez\u00e9 do Pandeiro<\/p>\n<p style=\"text-align: center;\"><img decoding=\"async\" class=\" size-full wp-image-92239\" src=\"http:\/\/diarioregionaljf.com.br\/wp-content\/uploads\/2018\/02\/diario-int-24329-4.JPG\" alt=\"fotoe.JPG\" width=\"680\" style=\"display: block; margin-left: auto; margin-right: auto;\" srcset=\"https:\/\/diarioregionaldigital.com.br\/wp-content\/uploads\/2018\/02\/diario-int-24329-4.JPG 680w, https:\/\/diarioregionaldigital.com.br\/wp-content\/uploads\/2018\/02\/diario-int-24329-4-300x199.jpg 300w, https:\/\/diarioregionaldigital.com.br\/wp-content\/uploads\/2018\/02\/diario-int-24329-4-360x238.jpg 360w\" sizes=\"(max-width: 680px) 100vw, 680px\" \/>Ivanir Ferreira, Wildemar Aquino, Dani Verpel, Petterson Marciano e Luciana Lopes<\/p>\n<p style=\"text-align: center;\"><img decoding=\"async\" class=\" size-full wp-image-92240\" src=\"http:\/\/diarioregionaljf.com.br\/wp-content\/uploads\/2018\/02\/diario-int-24329-5.JPG\" alt=\"fotog.JPG\" width=\"680\" style=\"display: block; margin-left: auto; margin-right: auto;\" srcset=\"https:\/\/diarioregionaldigital.com.br\/wp-content\/uploads\/2018\/02\/diario-int-24329-5.JPG 680w, https:\/\/diarioregionaldigital.com.br\/wp-content\/uploads\/2018\/02\/diario-int-24329-5-300x199.jpg 300w, https:\/\/diarioregionaldigital.com.br\/wp-content\/uploads\/2018\/02\/diario-int-24329-5-360x238.jpg 360w\" sizes=\"(max-width: 680px) 100vw, 680px\" \/>Carlos Alberto Ferreira e Ivanir Ferreira<\/p>\n<p style=\"text-align: center;\"><img decoding=\"async\" class=\" size-full wp-image-92241\" src=\"http:\/\/diarioregionaljf.com.br\/wp-content\/uploads\/2018\/02\/diario-int-24329-6.JPG\" alt=\"fotoh.JPG\" width=\"680\" style=\"display: block; margin-left: auto; margin-right: auto;\" srcset=\"https:\/\/diarioregionaldigital.com.br\/wp-content\/uploads\/2018\/02\/diario-int-24329-6.JPG 680w, https:\/\/diarioregionaldigital.com.br\/wp-content\/uploads\/2018\/02\/diario-int-24329-6-300x199.jpg 300w, https:\/\/diarioregionaldigital.com.br\/wp-content\/uploads\/2018\/02\/diario-int-24329-6-360x238.jpg 360w\" sizes=\"(max-width: 680px) 100vw, 680px\" \/>Alexandre Lenilson Fonseca, Eduardo Gomes e Vin\u00edcius Ciribeli<\/p>\n<p style=\"text-align: center;\"><img decoding=\"async\" class=\" size-full wp-image-92242\" src=\"http:\/\/diarioregionaljf.com.br\/wp-content\/uploads\/2018\/02\/diario-int-24329-7.JPG\" alt=\"fotoi.JPG\" width=\"680\" style=\"display: block; margin-left: auto; margin-right: auto;\" srcset=\"https:\/\/diarioregionaldigital.com.br\/wp-content\/uploads\/2018\/02\/diario-int-24329-7.JPG 680w, https:\/\/diarioregionaldigital.com.br\/wp-content\/uploads\/2018\/02\/diario-int-24329-7-300x199.jpg 300w, https:\/\/diarioregionaldigital.com.br\/wp-content\/uploads\/2018\/02\/diario-int-24329-7-360x238.jpg 360w\" sizes=\"(max-width: 680px) 100vw, 680px\" \/>Alexandre Mendes, Carlos Guedes, L\u00facio Heleno Moreira<\/p>\n<p style=\"text-align: center;\"><img decoding=\"async\" class=\" size-full wp-image-92243\" src=\"http:\/\/diarioregionaljf.com.br\/wp-content\/uploads\/2018\/02\/diario-int-24329-8.JPG\" alt=\"fotoj.JPG\" width=\"680\" style=\"display: block; margin-left: auto; margin-right: auto;\" srcset=\"https:\/\/diarioregionaldigital.com.br\/wp-content\/uploads\/2018\/02\/diario-int-24329-8.JPG 680w, https:\/\/diarioregionaldigital.com.br\/wp-content\/uploads\/2018\/02\/diario-int-24329-8-300x199.jpg 300w, https:\/\/diarioregionaldigital.com.br\/wp-content\/uploads\/2018\/02\/diario-int-24329-8-360x238.jpg 360w\" sizes=\"(max-width: 680px) 100vw, 680px\" \/>Fabinho Esteves, Fernando Lu\u00eds Baldioti, rainha dos blocos Cristina Rabello, Cristina Baldioti e Musa dos Blos, Tatiane Agostinho<\/p>\n<p style=\"text-align: center;\"><img decoding=\"async\" class=\" size-full wp-image-92244\" src=\"http:\/\/diarioregionaljf.com.br\/wp-content\/uploads\/2018\/02\/diario-int-24329-9.JPG\" alt=\"fotol.JPG\" width=\"680\" style=\"display: block; margin-left: auto; margin-right: auto;\" srcset=\"https:\/\/diarioregionaldigital.com.br\/wp-content\/uploads\/2018\/02\/diario-int-24329-9.JPG 680w, https:\/\/diarioregionaldigital.com.br\/wp-content\/uploads\/2018\/02\/diario-int-24329-9-300x199.jpg 300w, https:\/\/diarioregionaldigital.com.br\/wp-content\/uploads\/2018\/02\/diario-int-24329-9-360x238.jpg 360w\" sizes=\"(max-width: 680px) 100vw, 680px\" \/>Z\u00e9 Kodak, Baby Mancini, Eduardo Gomes<\/p>\n<p style=\"text-align: center;\"><img decoding=\"async\" class=\" size-full wp-image-92245\" src=\"http:\/\/diarioregionaljf.com.br\/wp-content\/uploads\/2018\/02\/diario-int-24329-10.JPG\" alt=\"fotom.JPG\" width=\"680\" style=\"display: block; margin-left: auto; margin-right: auto;\" srcset=\"https:\/\/diarioregionaldigital.com.br\/wp-content\/uploads\/2018\/02\/diario-int-24329-10.JPG 680w, https:\/\/diarioregionaldigital.com.br\/wp-content\/uploads\/2018\/02\/diario-int-24329-10-300x199.jpg 300w, https:\/\/diarioregionaldigital.com.br\/wp-content\/uploads\/2018\/02\/diario-int-24329-10-360x238.jpg 360w\" sizes=\"(max-width: 680px) 100vw, 680px\" \/>Mirian Ferreira e Ricardo, Fl\u00e1vio Marques e Sarah Ferreira<\/p>\n<p style=\"text-align: center;\"><img decoding=\"async\" class=\" size-full wp-image-92246\" src=\"http:\/\/diarioregionaljf.com.br\/wp-content\/uploads\/2018\/02\/diario-int-24329-11.JPG\" alt=\"foton.JPG\" width=\"680\" style=\"display: block; margin-left: auto; margin-right: auto;\" srcset=\"https:\/\/diarioregionaldigital.com.br\/wp-content\/uploads\/2018\/02\/diario-int-24329-11.JPG 680w, https:\/\/diarioregionaldigital.com.br\/wp-content\/uploads\/2018\/02\/diario-int-24329-11-300x199.jpg 300w, https:\/\/diarioregionaldigital.com.br\/wp-content\/uploads\/2018\/02\/diario-int-24329-11-360x238.jpg 360w\" sizes=\"(max-width: 680px) 100vw, 680px\" \/>Luciana Zambluza, Eduardo Gomes e D\u00e9bora Almada<\/p>\n<p style=\"text-align: center;\"><img decoding=\"async\" class=\" size-full wp-image-92247\" src=\"http:\/\/diarioregionaljf.com.br\/wp-content\/uploads\/2018\/02\/diario-int-24329-12.jpg\" alt=\"fotoaa.jpg\" width=\"680\" style=\"display: block; margin-left: auto; margin-right: auto;\" srcset=\"https:\/\/diarioregionaldigital.com.br\/wp-content\/uploads\/2018\/02\/diario-int-24329-12.jpg 680w, https:\/\/diarioregionaldigital.com.br\/wp-content\/uploads\/2018\/02\/diario-int-24329-12-300x199.jpg 300w, https:\/\/diarioregionaldigital.com.br\/wp-content\/uploads\/2018\/02\/diario-int-24329-12-360x238.jpg 360w\" sizes=\"(max-width: 680px) 100vw, 680px\" \/>Beto Souza, Vin\u00edcius Ciribeli, Alexandre Fonseca, Erika Beire, Eduardo Gomes e Elaine Gonzaga<\/p>\n<p class=\"h4\" style=\"text-align: center;\">FOTOSS\u00cdNTESE<\/p>\n<p>Reunindo gente de fino gosto, os m\u00fasicos Mauro Continentino e Catarina Moura, colhem aplausos por onde passam com o projeto Pian\u00edssimo Bar. Aproveitando a boa mar\u00e9, ele comemorou seu anivers\u00e1rio no almo\u00e7o do Pluri Bistr\u00f4.<\/p>\n<p>Mesa animad\u00edssima reunia no Bar do Buneco no Manuel Hon\u00f3rio na 4\u00aa feira de Cinzas, os amigos Beto Souza, Wildemar Aquino, Petterson Marciano, Sarah Trigo e este colunista. Em outra mesa, Jack Del\u00edboio reunia amigos na maior harmonia e descontra\u00e7\u00e3o.<\/p>\n<p>Com vibra\u00e7\u00e3o positiva, a Pra\u00e7a S\u00e3o Sebasti\u00e3o, em Marip\u00e1 de Minas, foi cen\u00e1rio para o ressac\u00e3o de Carnaval.<\/p>\n<p>Com sua por\u00e7\u00e3o esporte total, Daniel Borges conquistou a primeira etapa da Liga AABB de Xadrez.<\/p>\n<p>A artista pl\u00e1stica Nequitz Miguel passou temporada em seu ap\u00ea duplex em S\u00e3o Mateus e j\u00e1 retornou para o Rio de Janeiro.<\/p>\n<p>A UFJF publicou edital com a segunda chamada de inscri\u00e7\u00f5es para contrata\u00e7\u00e3o de professor visitante e\/ou professor visitante estrangeiro com 11 vagas para os campi de Juiz de Fora e Governador Valadares.<\/p>\n<p>A escritora Cecy Barbosa Campos est\u00e1 al mare, em um cruzeiro maravilhoso no Transatl\u00e2ntico Premier.<\/p>\n<p>As elegantes Omara Martinez e Karla Martinez depois de uma super liquida\u00e7\u00e3o de Modas Jenny, j\u00e1 est\u00e3o preparando a bonita cole\u00e7\u00e3o outono-inverno 2018.<\/p>\n<p>As redes sociais tem sacrificado os cantores Pablo Vittar e Joj\u00f4 Toddyinho. Eles n\u00e3o est\u00e3o nem a\u00ed, faturando cach\u00eas alt\u00edssimos e enchendo o cofrinho . T\u00e1 certo!<\/p>\n<p>O governador de Minas, Fernando Pimentel (PT), esteve em viagem aos Estados Unidos, atendendo convite para ser o orador principal da Mc Court International Leader Speaker S\u00e9ries, em Washington. Aproveitou e pediu a libera\u00e7\u00e3o de 1 bilh\u00e3o para investimentos em infraestrutura e saneamento pela Copasa.<\/p>\n<p>Em termos de decora\u00e7\u00e3o, a loja Natuzzi no Spazio Design exibe m\u00f3veis de apurad\u00edssimo bom gosto.<\/p>\n<p>Aten\u00e7\u00e3o: Lingua que fala o que n\u00e3o v\u00ea, \u00e9 fervida no azeite de dend\u00ea!!! Bom dia.<\/p>\n","protected":false},"excerpt":{"rendered":"<p>SaboresParticipantes do curso \u201cCaf\u00e9s do mundo\u201d fizeram um passeio sensorial por 24 caf\u00e9s de diferentes origens, da regi\u00e3o mineira do Capara\u00f3 at\u00e9 pa\u00edses como Eti\u00f3pia e Col\u00f4mbia. Al\u00e9m da experi\u00eancia de sabores, eles puderam entender, melhor caracter\u00edsticas como cultivares, regi\u00f5es, exporta\u00e7\u00f5es e at\u00e9 pre\u00e7os. O grupo de Minas Gerais, era numeroso. SuorHaja gin\u00e1stica para o [&hellip;]<\/p>\n","protected":false},"author":96,"featured_media":92235,"comment_status":"closed","ping_status":"closed","sticky":false,"template":"","format":"standard","meta":{"footnotes":""},"categories":[264],"tags":[],"class_list":["post-92248","post","type-post","status-publish","format-standard","has-post-thumbnail","hentry","category-eduardo-gomes"],"_links":{"self":[{"href":"https:\/\/diarioregionaldigital.com.br\/index.php?rest_route=\/wp\/v2\/posts\/92248","targetHints":{"allow":["GET"]}}],"collection":[{"href":"https:\/\/diarioregionaldigital.com.br\/index.php?rest_route=\/wp\/v2\/posts"}],"about":[{"href":"https:\/\/diarioregionaldigital.com.br\/index.php?rest_route=\/wp\/v2\/types\/post"}],"author":[{"embeddable":true,"href":"https:\/\/diarioregionaldigital.com.br\/index.php?rest_route=\/wp\/v2\/users\/96"}],"replies":[{"embeddable":true,"href":"https:\/\/diarioregionaldigital.com.br\/index.php?rest_route=%2Fwp%2Fv2%2Fcomments&post=92248"}],"version-history":[{"count":0,"href":"https:\/\/diarioregionaldigital.com.br\/index.php?rest_route=\/wp\/v2\/posts\/92248\/revisions"}],"wp:featuredmedia":[{"embeddable":true,"href":"https:\/\/diarioregionaldigital.com.br\/index.php?rest_route=\/wp\/v2\/media\/92235"}],"wp:attachment":[{"href":"https:\/\/diarioregionaldigital.com.br\/index.php?rest_route=%2Fwp%2Fv2%2Fmedia&parent=92248"}],"wp:term":[{"taxonomy":"category","embeddable":true,"href":"https:\/\/diarioregionaldigital.com.br\/index.php?rest_route=%2Fwp%2Fv2%2Fcategories&post=92248"},{"taxonomy":"post_tag","embeddable":true,"href":"https:\/\/diarioregionaldigital.com.br\/index.php?rest_route=%2Fwp%2Fv2%2Ftags&post=92248"}],"curies":[{"name":"wp","href":"https:\/\/api.w.org\/{rel}","templated":true}]}}