{"id":92234,"date":"2018-02-20T21:03:03","date_gmt":"2018-02-21T00:03:03","guid":{"rendered":"http:\/\/diarioregionaljf.com.br\/2018\/02\/20\/acao-da-sau-guarda-municipal-e-pm-resulta-em-duas-prisoes-na-praca-do-riachuelo\/"},"modified":"2018-02-20T21:03:03","modified_gmt":"2018-02-21T00:03:03","slug":"acao-da-sau-guarda-municipal-e-pm-resulta-em-duas-prisoes-na-praca-do-riachuelo","status":"publish","type":"post","link":"https:\/\/diarioregionaldigital.com.br\/?p=92234","title":{"rendered":"A\u00e7\u00e3o da SAU, Guarda Municipal e PM resulta em duas pris\u00f5es na Pra\u00e7a do Riachuelo"},"content":{"rendered":"<p>Dentro das a\u00e7\u00f5es de fiscaliza\u00e7\u00e3o realizadas rotineiramente na Pra\u00e7a do Riachuelo, no Centro da cidade, a Secretaria de Atividades Urbanas (SAU) e a Guarda Municipal, ambas da Prefeitura de Juiz de Fora (PJF), em parceria com a Pol\u00edcia Militar (PM), apreenderam aproximadamente 11 sacos de mercadorias irregulares. O material \u00e9 resultado das opera\u00e7\u00f5es ocorridas no in\u00edcio desta semana. Nesta ter\u00e7a-feira, 20, a Pol\u00edcia Militar prendeu dois suspeitos pelo porte de arma branca e drogas.<\/p>\n<p>As a\u00e7\u00f5es buscam garantir o ordenamento e a qualidade do ambiente urbano, coibindo a ocupa\u00e7\u00e3o indevida de vias e logradouros p\u00fablicos, dando maior acessibilidade e mobilidade \u00e0 popula\u00e7\u00e3o, colaborando, de forma indireta, na seguran\u00e7a p\u00fablica.<\/p>\n<p>Os fiscais de posturas fiscalizaram ambulantes irregulares, sem licen\u00e7a para exercer a atividade.<\/p>\n<p>De acordo com C\u00f3digo de Posturas, o respons\u00e1vel pela mercadoria tem, por lei, prazo de dez dias para resgatar o bem, desde que apresente nota fiscal e quite as multas devidas, taxas de apreens\u00e3o e dep\u00f3sitos incidentes. Ap\u00f3s este per\u00edodo, o material apreendido, tamb\u00e9m segundo a lei, poder\u00e1 ser reaproveitado pelo Poder Executivo, doado a \u00f3rg\u00e3os oficiais, educacionais ou assistenciais. Os alimentos perec\u00edveis e os materiais ilegais e il\u00edcitos apreendidos n\u00e3o s\u00e3o pass\u00edveis de devolu\u00e7\u00e3o, em qualquer situa\u00e7\u00e3o.<\/p>\n<p>&nbsp;<\/p>\n<p>Fonte: Assessoria<\/p>\n","protected":false},"excerpt":{"rendered":"<p>Dentro das a\u00e7\u00f5es de fiscaliza\u00e7\u00e3o realizadas rotineiramente na Pra\u00e7a do Riachuelo, no Centro da cidade, a Secretaria de Atividades Urbanas (SAU) e a Guarda Municipal, ambas da Prefeitura de Juiz de Fora (PJF), em parceria com a Pol\u00edcia Militar (PM), apreenderam aproximadamente 11 sacos de mercadorias irregulares. O material \u00e9 resultado das opera\u00e7\u00f5es ocorridas no [&hellip;]<\/p>\n","protected":false},"author":96,"featured_media":92233,"comment_status":"closed","ping_status":"closed","sticky":false,"template":"","format":"standard","meta":{"footnotes":""},"categories":[253],"tags":[],"class_list":["post-92234","post","type-post","status-publish","format-standard","has-post-thumbnail","hentry","category-cidade"],"_links":{"self":[{"href":"https:\/\/diarioregionaldigital.com.br\/index.php?rest_route=\/wp\/v2\/posts\/92234","targetHints":{"allow":["GET"]}}],"collection":[{"href":"https:\/\/diarioregionaldigital.com.br\/index.php?rest_route=\/wp\/v2\/posts"}],"about":[{"href":"https:\/\/diarioregionaldigital.com.br\/index.php?rest_route=\/wp\/v2\/types\/post"}],"author":[{"embeddable":true,"href":"https:\/\/diarioregionaldigital.com.br\/index.php?rest_route=\/wp\/v2\/users\/96"}],"replies":[{"embeddable":true,"href":"https:\/\/diarioregionaldigital.com.br\/index.php?rest_route=%2Fwp%2Fv2%2Fcomments&post=92234"}],"version-history":[{"count":0,"href":"https:\/\/diarioregionaldigital.com.br\/index.php?rest_route=\/wp\/v2\/posts\/92234\/revisions"}],"wp:featuredmedia":[{"embeddable":true,"href":"https:\/\/diarioregionaldigital.com.br\/index.php?rest_route=\/wp\/v2\/media\/92233"}],"wp:attachment":[{"href":"https:\/\/diarioregionaldigital.com.br\/index.php?rest_route=%2Fwp%2Fv2%2Fmedia&parent=92234"}],"wp:term":[{"taxonomy":"category","embeddable":true,"href":"https:\/\/diarioregionaldigital.com.br\/index.php?rest_route=%2Fwp%2Fv2%2Fcategories&post=92234"},{"taxonomy":"post_tag","embeddable":true,"href":"https:\/\/diarioregionaldigital.com.br\/index.php?rest_route=%2Fwp%2Fv2%2Ftags&post=92234"}],"curies":[{"name":"wp","href":"https:\/\/api.w.org\/{rel}","templated":true}]}}