{"id":92232,"date":"2018-02-20T20:32:37","date_gmt":"2018-02-20T23:32:37","guid":{"rendered":"http:\/\/diarioregionaljf.com.br\/2018\/02\/20\/pm-prende-suspeitos-de-envolvimento-no-assassinato-de-policial-militar-em-montes-claros\/"},"modified":"2018-02-20T20:32:37","modified_gmt":"2018-02-20T23:32:37","slug":"pm-prende-suspeitos-de-envolvimento-no-assassinato-de-policial-militar-em-montes-claros","status":"publish","type":"post","link":"https:\/\/diarioregionaldigital.com.br\/?p=92232","title":{"rendered":"PM prende suspeitos de envolvimento no assassinato de policial militar em Montes Claros"},"content":{"rendered":"<p>Na tarde de ontem, 19, a Pol\u00edcia Militar (PM) prendeu tr\u00eas homens acusados de envolvimento no homic\u00eddio de um policial militar, em Montes Claros (a cerca de 692Km de JF), ocorrido na madrugada dessa segunda-feira, 19. Na interven\u00e7\u00e3o para as pris\u00f5es, dois homens que reagiram \u00e0 abordagem policial, utilizando-se de armas de fogo, vieram a \u00f3bito.<\/p>\n<p>O rastreamento teve in\u00edcio quando das primeiras informa\u00e7\u00f5es da ocorr\u00eancia de uma tentativa de roubo na avenida Deputado Esteves Rodrigues, no Centro, quando um assaltante portando uma arma de fogo roubou v\u00e1rios celulares. Neste momento, um policial militar, de folga, identificou-se como tal, tentando evitar o roubo, por\u00e9m, foi alvejado pelo autor e morreu. O homem fugiu do local em uma motocicleta que fazia a cobertura da a\u00e7\u00e3o criminosa.<\/p>\n<p>De posse das informa\u00e7\u00f5es, foi iniciada opera\u00e7\u00e3o policial na busca pelos suspeitos. Durante as dilig\u00eancias, den\u00fancias levaram os militares ao bairro Vila Mauric\u00e9ia, onde estaria um dos envolvidos no crime. Os militares localizaram um homem que teria acobertado a a\u00e7\u00e3o dos respons\u00e1veis pelo homic\u00eddio, apoiando-os em sua casa, no bairro Santos Dumont. Ao chegarem ao referido bairro, os policiais foram recebidos com disparos de arma de fogo por um homem de 21 anos, com passagem por dire\u00e7\u00e3o perigosa e sem habilita\u00e7\u00e3o; e outro de 18 anos com passagem por tr\u00e1fico de drogas, autor do roubo, n\u00e3o restando alternativa para conter a agress\u00e3o, a n\u00e3o ser revidar os disparos.<\/p>\n<p>Os dois foram alvejados e socorridos com vida ao hospital, mas n\u00e3o resistiram e vieram a \u00f3bito. Na resid\u00eancia foram encontrados dois rev\u00f3lveres calibres 32 e 38. Foram presos, ainda, tr\u00eas homens suspeitos de envolvimento no crime: um de 31 anos, sem passagem pela pol\u00edcia, outro de 22 anos com passagem por dirigir sem habilita\u00e7\u00e3o; e o terceiro de 28 anos sem passagem pol\u00edcia.<\/p>\n<p>&nbsp;<\/p>\n<p>Da reda\u00e7\u00e3o\/ Colabora\u00e7\u00e3o: Assessoria<\/p>\n","protected":false},"excerpt":{"rendered":"<p>Na tarde de ontem, 19, a Pol\u00edcia Militar (PM) prendeu tr\u00eas homens acusados de envolvimento no homic\u00eddio de um policial militar, em Montes Claros (a cerca de 692Km de JF), ocorrido na madrugada dessa segunda-feira, 19. Na interven\u00e7\u00e3o para as pris\u00f5es, dois homens que reagiram \u00e0 abordagem policial, utilizando-se de armas de fogo, vieram a [&hellip;]<\/p>\n","protected":false},"author":96,"featured_media":92231,"comment_status":"closed","ping_status":"closed","sticky":false,"template":"","format":"standard","meta":{"footnotes":""},"categories":[252],"tags":[],"class_list":["post-92232","post","type-post","status-publish","format-standard","has-post-thumbnail","hentry","category-regiao"],"_links":{"self":[{"href":"https:\/\/diarioregionaldigital.com.br\/index.php?rest_route=\/wp\/v2\/posts\/92232","targetHints":{"allow":["GET"]}}],"collection":[{"href":"https:\/\/diarioregionaldigital.com.br\/index.php?rest_route=\/wp\/v2\/posts"}],"about":[{"href":"https:\/\/diarioregionaldigital.com.br\/index.php?rest_route=\/wp\/v2\/types\/post"}],"author":[{"embeddable":true,"href":"https:\/\/diarioregionaldigital.com.br\/index.php?rest_route=\/wp\/v2\/users\/96"}],"replies":[{"embeddable":true,"href":"https:\/\/diarioregionaldigital.com.br\/index.php?rest_route=%2Fwp%2Fv2%2Fcomments&post=92232"}],"version-history":[{"count":0,"href":"https:\/\/diarioregionaldigital.com.br\/index.php?rest_route=\/wp\/v2\/posts\/92232\/revisions"}],"wp:featuredmedia":[{"embeddable":true,"href":"https:\/\/diarioregionaldigital.com.br\/index.php?rest_route=\/wp\/v2\/media\/92231"}],"wp:attachment":[{"href":"https:\/\/diarioregionaldigital.com.br\/index.php?rest_route=%2Fwp%2Fv2%2Fmedia&parent=92232"}],"wp:term":[{"taxonomy":"category","embeddable":true,"href":"https:\/\/diarioregionaldigital.com.br\/index.php?rest_route=%2Fwp%2Fv2%2Fcategories&post=92232"},{"taxonomy":"post_tag","embeddable":true,"href":"https:\/\/diarioregionaldigital.com.br\/index.php?rest_route=%2Fwp%2Fv2%2Ftags&post=92232"}],"curies":[{"name":"wp","href":"https:\/\/api.w.org\/{rel}","templated":true}]}}