{"id":92230,"date":"2018-02-20T20:26:16","date_gmt":"2018-02-20T23:26:16","guid":{"rendered":"http:\/\/diarioregionaljf.com.br\/2018\/02\/20\/jf-esporte-e-cidadania-retoma-atividades-nos-bairros-progresso-e-santa-paula\/"},"modified":"2018-02-20T20:26:16","modified_gmt":"2018-02-20T23:26:16","slug":"jf-esporte-e-cidadania-retoma-atividades-nos-bairros-progresso-e-santa-paula","status":"publish","type":"post","link":"https:\/\/diarioregionaldigital.com.br\/?p=92230","title":{"rendered":"\u201cJF Esporte e Cidadania\u201d retoma atividades nos bairros Progresso e Santa Paula"},"content":{"rendered":"<p>Participantes do Programa \u201cJF Esporte e Cidadania\u201d estiveram na segunda-feira, 19, no gabinete do secret\u00e1rio J\u00falio Gasparete, da Secretaria de Esporte e Lazer (SEL). O encontro, solicitado pelos pr\u00f3prios alunos, teve como objetivo a busca de esclarecimentos sobre o retorno das atividades do programa nos n\u00facleos dos bairros Progresso e Santa Paula, que atendem ainda moradores das regi\u00f5es de Nossa Senhora Aparecida, Marumbi, Bairu e Borborema.<\/p>\n<p> Alzira Regina da Fonseca, aluna no Progresso, sintetizou a ansiedade dos demais participantes: &#8220;Esse n\u00facleo foi a melhor coisa que apareceu no nosso bairro. Nas f\u00e9rias, todo mundo sente falta. Por isso, viemos aqui para pedir o retorno das aulas&#8221;.<\/p>\n<p> Os alunos sa\u00edram do encontro, que teve tamb\u00e9m a participa\u00e7\u00e3o dos representantes do Departamento de Lazer e Exerc\u00edcio F\u00edsico da SEL, o gerente Abemar Tadeu Herdy e a supervisora Luciane Ribas, com a explica\u00e7\u00e3o, dada pelo pr\u00f3prio secret\u00e1rio, que, devido ao processo de ades\u00e3o de novos professores ap\u00f3s o recesso escolar do in\u00edcio de 2018, houve pequeno atraso, mas tudo j\u00e1 estava regularizado para o retorno das aulas, j\u00e1 nesta ter\u00e7a-feira, 20.<\/p>\n<p> Diante desse an\u00fancio, a aluna Marilene Aparecida Meirelles, tamb\u00e9m do Bairro Progresso, manifestou sua anima\u00e7\u00e3o: &#8220;A secretaria est\u00e1 de parab\u00e9ns, pois todas as vezes que viemos aqui fomos muito bem recebidos, e voc\u00eas t\u00eam sempre uma resposta para a gente. Temos hoje cerca de 80 pessoas participando do n\u00facleo, \u00e0s ter\u00e7as e quintas-feiras, e esse projeto n\u00e3o pode mais parar&#8221;.<\/p>\n<p><strong><br \/> O programa<\/strong><\/p>\n<p> O \u201cJF Esporte e Cidadania\u201d \u00e9 realiza\u00e7\u00e3o da Secretaria de Esporte e Lazer (SEL) da Prefeitura de Juiz de Fora (PJF). Tem, atualmente, mais de sete mil atendimentos em cerca de 60 n\u00facleos na cidade. Sua finalidade principal \u00e9 levar atividades f\u00edsica e esportiva para a popula\u00e7\u00e3o na faixa et\u00e1ria a partir de cinco anos, de forma gratuita.&nbsp;<\/p>\n<p> Ao propor a\u00e7\u00f5es diferenciadas, qualificadas e de acesso a este p\u00fablico, o programa busca promover o desenvolvimento f\u00edsico, o exerc\u00edcio da cidadania e a inclus\u00e3o social, visando melhoria das condi\u00e7\u00f5es f\u00edsicas, emocionais e sociais, para alcan\u00e7ar qualidade de vida e aumento da autoestima.<\/p>\n<p> As inscri\u00e7\u00f5es, para v\u00e1rias modalidades e n\u00facleos, est\u00e3o abertas. Os interessados devem se dirigir ao n\u00facleo de sua prefer\u00eancia, munidos da carteira de identidade e atestado m\u00e9dico, para realizar gratuitamente suas inscri\u00e7\u00f5es. Para conferir endere\u00e7os, hor\u00e1rios e modalidades dispon\u00edveis, ligue para 3690-7853.<\/p>\n<p>&nbsp;<\/p>\n<p>Fonte: Assessoria\/SEL<\/p>\n","protected":false},"excerpt":{"rendered":"<p>Participantes do Programa \u201cJF Esporte e Cidadania\u201d estiveram na segunda-feira, 19, no gabinete do secret\u00e1rio J\u00falio Gasparete, da Secretaria de Esporte e Lazer (SEL). O encontro, solicitado pelos pr\u00f3prios alunos, teve como objetivo a busca de esclarecimentos sobre o retorno das atividades do programa nos n\u00facleos dos bairros Progresso e Santa Paula, que atendem ainda [&hellip;]<\/p>\n","protected":false},"author":96,"featured_media":92229,"comment_status":"closed","ping_status":"closed","sticky":false,"template":"","format":"standard","meta":{"footnotes":""},"categories":[257],"tags":[],"class_list":["post-92230","post","type-post","status-publish","format-standard","has-post-thumbnail","hentry","category-esporte"],"_links":{"self":[{"href":"https:\/\/diarioregionaldigital.com.br\/index.php?rest_route=\/wp\/v2\/posts\/92230","targetHints":{"allow":["GET"]}}],"collection":[{"href":"https:\/\/diarioregionaldigital.com.br\/index.php?rest_route=\/wp\/v2\/posts"}],"about":[{"href":"https:\/\/diarioregionaldigital.com.br\/index.php?rest_route=\/wp\/v2\/types\/post"}],"author":[{"embeddable":true,"href":"https:\/\/diarioregionaldigital.com.br\/index.php?rest_route=\/wp\/v2\/users\/96"}],"replies":[{"embeddable":true,"href":"https:\/\/diarioregionaldigital.com.br\/index.php?rest_route=%2Fwp%2Fv2%2Fcomments&post=92230"}],"version-history":[{"count":0,"href":"https:\/\/diarioregionaldigital.com.br\/index.php?rest_route=\/wp\/v2\/posts\/92230\/revisions"}],"wp:featuredmedia":[{"embeddable":true,"href":"https:\/\/diarioregionaldigital.com.br\/index.php?rest_route=\/wp\/v2\/media\/92229"}],"wp:attachment":[{"href":"https:\/\/diarioregionaldigital.com.br\/index.php?rest_route=%2Fwp%2Fv2%2Fmedia&parent=92230"}],"wp:term":[{"taxonomy":"category","embeddable":true,"href":"https:\/\/diarioregionaldigital.com.br\/index.php?rest_route=%2Fwp%2Fv2%2Fcategories&post=92230"},{"taxonomy":"post_tag","embeddable":true,"href":"https:\/\/diarioregionaldigital.com.br\/index.php?rest_route=%2Fwp%2Fv2%2Ftags&post=92230"}],"curies":[{"name":"wp","href":"https:\/\/api.w.org\/{rel}","templated":true}]}}