{"id":92226,"date":"2018-02-20T20:18:22","date_gmt":"2018-02-20T23:18:22","guid":{"rendered":"http:\/\/diarioregionaljf.com.br\/2018\/02\/20\/turma-do-stf-envia-ao-plenario-acoes-sobre-condenacao-em-segunda-instancia\/"},"modified":"2018-02-20T20:18:22","modified_gmt":"2018-02-20T23:18:22","slug":"turma-do-stf-envia-ao-plenario-acoes-sobre-condenacao-em-segunda-instancia","status":"publish","type":"post","link":"https:\/\/diarioregionaldigital.com.br\/?p=92226","title":{"rendered":"Turma do STF envia ao plen\u00e1rio a\u00e7\u00f5es sobre condena\u00e7\u00e3o em segunda inst\u00e2ncia"},"content":{"rendered":"<p>A Segunda Turma do Supremo Tribunal Federal (STF) decidiu nessa ter\u00e7a-feira, 20, enviar ao plen\u00e1rio da Corte dois habeas corpus que tratam da constitucionalidade da execu\u00e7\u00e3o provis\u00f3ria de condena\u00e7\u00f5es ap\u00f3s o fim dos recursos na segunda inst\u00e2ncia da Justi\u00e7a. A decis\u00e3o dos ministros aumenta a press\u00e3o sobre a presidente da Corte, ministra C\u00e1rmen L\u00facia, para que a quest\u00e3o seja levada ao plen\u00e1rio. No m\u00eas passado, a ministra afirmou, durante um jantar com empres\u00e1rios, que o assunto n\u00e3o ser\u00e1 debatido novamente pelo pleno. A presidente \u00e9 respons\u00e1vel pela elabora\u00e7\u00e3o da pauta de julgamentos.<\/p>\n<p>O envio da quest\u00e3o ao plen\u00e1rio foi sugerida durante sess\u00e3o da Segunda Turma do STF pelo ministro Edson Fachin, que pediu vista de dois habeas corpus que tratam do tema. Ao votar nessa tarde, Fachin disse que h\u00e1 uma controv\u00e9rsia sobre o tema e a quest\u00e3o deve ser definida pela Corte nas duas a\u00e7\u00f5es diretas de constitucionalidade (ADC), protocoladas pela Ordem dos Advogados do Brasil (OAB), nas quais a pris\u00e3o ap\u00f3s segunda inst\u00e2ncia deve discutida novamente.<\/p>\n<p>O entendimento do relator tamb\u00e9m foi acompanhado pelo ministro Ricardo Lewandowski. &#8220;Entendo, como Vossa Excel\u00eancia, que n\u00e3o \u00e9 conveniente que n\u00f3s, em um \u00f3rg\u00e3o fracionado, fixemos um ponto de vista com rela\u00e7\u00e3o a esta quest\u00e3o, sobretudo quando a mat\u00e9ria est\u00e1 pendente de uma discuss\u00e3o mais profundada por parte do plen\u00e1rio&#8221;, disse o ministro.<\/p>\n<p>J\u00e1 o decano no STF, ministro Celso de Mello, relembrou que as duas ADCs foram liberadas para julgamento no final do ano passado pelo ministro Marco Aur\u00e9lio, relator. \u201cBasta que a senhora presidente, no exerc\u00edcio de seu poder de agenda, paute esses feitos, uma vez que o relator est\u00e1 em condi\u00e7\u00f5es de proferir seu voto, e \u00e9 mat\u00e9ria da maior import\u00e2ncia\u201d.<\/p>\n<p>Embora os ministros tenham tratado das a\u00e7\u00f5es diretas protocoladas pela OAB, a quest\u00e3o de fundo afeta a situa\u00e7\u00e3o do ex-presidente Luiz In\u00e1cio Lula da Silva. H\u00e1 duas semanas, Fachin enviou para julgamento do plen\u00e1rio da Corte um habeas corpus preventivo no qual da defesa do ex-presidente tenta impedir eventual pris\u00e3o ap\u00f3s o fim dos recursos na segunda inst\u00e2ncia da Justi\u00e7a Federal. N\u00e3o h\u00e1 previs\u00e3o para C\u00e1rmen L\u00facia pautar o processo.<\/p>\n<p>O cen\u00e1rio atual na Corte \u00e9 de impasse sobre a quest\u00e3o. Os ministros Gilmar Mendes, Dias Toffoli, Rosa Weber, Ricardo Lewandowski, Marco Aur\u00e9lio e Celso de Mello s\u00e3o contra a execu\u00e7\u00e3o imediata ou entendem que a pris\u00e3o poderia ocorrer ap\u00f3s decis\u00e3o do Superior Tribunal de Justi\u00e7a (STJ). J\u00e1 os ministros Edson Fachin, Lu\u00eds Roberto Barroso, Luiz Fux, Alexandre de Moraes e a presidente, C\u00e1rmen L\u00facia, s\u00e3o a favor do cumprimento ap\u00f3s a segunda inst\u00e2ncia.<\/p>\n<p>Fonte: Ag\u00eancia Brasil<\/p>\n","protected":false},"excerpt":{"rendered":"<p>A Segunda Turma do Supremo Tribunal Federal (STF) decidiu nessa ter\u00e7a-feira, 20, enviar ao plen\u00e1rio da Corte dois habeas corpus que tratam da constitucionalidade da execu\u00e7\u00e3o provis\u00f3ria de condena\u00e7\u00f5es ap\u00f3s o fim dos recursos na segunda inst\u00e2ncia da Justi\u00e7a. A decis\u00e3o dos ministros aumenta a press\u00e3o sobre a presidente da Corte, ministra C\u00e1rmen L\u00facia, para [&hellip;]<\/p>\n","protected":false},"author":96,"featured_media":92225,"comment_status":"closed","ping_status":"closed","sticky":false,"template":"","format":"standard","meta":{"footnotes":""},"categories":[254],"tags":[],"class_list":["post-92226","post","type-post","status-publish","format-standard","has-post-thumbnail","hentry","category-politica"],"_links":{"self":[{"href":"https:\/\/diarioregionaldigital.com.br\/index.php?rest_route=\/wp\/v2\/posts\/92226","targetHints":{"allow":["GET"]}}],"collection":[{"href":"https:\/\/diarioregionaldigital.com.br\/index.php?rest_route=\/wp\/v2\/posts"}],"about":[{"href":"https:\/\/diarioregionaldigital.com.br\/index.php?rest_route=\/wp\/v2\/types\/post"}],"author":[{"embeddable":true,"href":"https:\/\/diarioregionaldigital.com.br\/index.php?rest_route=\/wp\/v2\/users\/96"}],"replies":[{"embeddable":true,"href":"https:\/\/diarioregionaldigital.com.br\/index.php?rest_route=%2Fwp%2Fv2%2Fcomments&post=92226"}],"version-history":[{"count":0,"href":"https:\/\/diarioregionaldigital.com.br\/index.php?rest_route=\/wp\/v2\/posts\/92226\/revisions"}],"wp:featuredmedia":[{"embeddable":true,"href":"https:\/\/diarioregionaldigital.com.br\/index.php?rest_route=\/wp\/v2\/media\/92225"}],"wp:attachment":[{"href":"https:\/\/diarioregionaldigital.com.br\/index.php?rest_route=%2Fwp%2Fv2%2Fmedia&parent=92226"}],"wp:term":[{"taxonomy":"category","embeddable":true,"href":"https:\/\/diarioregionaldigital.com.br\/index.php?rest_route=%2Fwp%2Fv2%2Fcategories&post=92226"},{"taxonomy":"post_tag","embeddable":true,"href":"https:\/\/diarioregionaldigital.com.br\/index.php?rest_route=%2Fwp%2Fv2%2Ftags&post=92226"}],"curies":[{"name":"wp","href":"https:\/\/api.w.org\/{rel}","templated":true}]}}