{"id":92224,"date":"2018-02-20T20:10:17","date_gmt":"2018-02-20T23:10:17","guid":{"rendered":"http:\/\/diarioregionaljf.com.br\/2018\/02\/20\/ptb-desiste-de-indicar-cristiane-brasil-para-o-ministerio-do-trabalho\/"},"modified":"2018-02-20T20:10:17","modified_gmt":"2018-02-20T23:10:17","slug":"ptb-desiste-de-indicar-cristiane-brasil-para-o-ministerio-do-trabalho","status":"publish","type":"post","link":"https:\/\/diarioregionaldigital.com.br\/?p=92224","title":{"rendered":"PTB desiste de indicar Cristiane Brasil para o Minist\u00e9rio do Trabalho"},"content":{"rendered":"<p>O PTB anunciou h\u00e1 pouco a desist\u00eancia da indica\u00e7\u00e3o da deputada federal Cristiane Brasil (RJ) para o comando do Minist\u00e9rio do Trabalho. Em nota \u00e0 imprensa divulgada nesta ter\u00e7a-feira, 20, no Twitter, o presidente nacional do partido e pai da deputada, Roberto Jefferson, atribuiu a retirada da indica\u00e7\u00e3o \u00e0 \u201cindecis\u00e3o da ministra [do Supremo Tribunal Federal] C\u00e1rmen L\u00facia em n\u00e3o julgar o m\u00e9rito neste primeiro semestre\u201d.<\/p>\n<p>Segundo a nota, a decis\u00e3o do partido \u201cvisa a proteger a integridade de Cristiane e n\u00e3o deixar parada a administra\u00e7\u00e3o do minist\u00e9rio\u201d. O PTB ainda n\u00e3o anunciou o nome que substituir\u00e1 Cristiane Brasil na indica\u00e7\u00e3o ao comando da pasta.<\/p>\n<p>Atualmente, a pasta \u00e9 comandada pelo secret\u00e1rio-executivo, Helton Yomura, que tem acumulado as duas fun\u00e7\u00f5es.<\/p>\n<h4>&nbsp;<\/h4>\n<h4>INDEFINI\u00c7\u00c3O<\/h4>\n<p>A nomea\u00e7\u00e3o de Cristiane Brasil foi anunciada pelo presidente Michel Temer no dia 3 de janeiro, mas a deputada foi impedida de tomar posse por for\u00e7a de uma decis\u00e3o liminar do juiz Leonardo da Costa Couceiro, da 4\u00aa Vara Federal de Niter\u00f3i, proferida em 8 de janeiro.<\/p>\n<p>O magistrado acolheu os argumentos de tr\u00eas advogados que, em a\u00e7\u00e3o popular, questionaram se a deputada estaria moralmente apta a assumir o cargo, ap\u00f3s ter sido revelado pela imprensa que ela foi condenada pela Justi\u00e7a do Trabalho a pagar mais de R$60 mil a um ex-motorista, em decorr\u00eancia de irregularidades trabalhistas. Em seguida, a posse tamb\u00e9m foi suspensa por decis\u00f5es da segunda inst\u00e2ncia da Justi\u00e7a Federal no Rio de Janeiro e pela presidente do Supremo Tribunal Federal (STF), ministra C\u00e1rmen L\u00facia.<\/p>\n<p>Na semana passada, C\u00e1rmem L\u00facia definiu que cabe \u00e0 Corte decidir sobre a posse de Cristiane Brasil no Minist\u00e9rio do Trabalho. Essa decis\u00e3o, no entanto, n\u00e3o provocou mudan\u00e7a da indica\u00e7\u00e3o por parte do governo. Na quarta-feira, 14, o ministro da Secretaria de Governo, Carlos Marun, reafirmou que o governo n\u00e3o desistiria do nome da deputada para a pasta do Trabalho.<\/p>\n<p>Fonte: Ag\u00eancia Brasil<\/p>\n","protected":false},"excerpt":{"rendered":"<p>O PTB anunciou h\u00e1 pouco a desist\u00eancia da indica\u00e7\u00e3o da deputada federal Cristiane Brasil (RJ) para o comando do Minist\u00e9rio do Trabalho. Em nota \u00e0 imprensa divulgada nesta ter\u00e7a-feira, 20, no Twitter, o presidente nacional do partido e pai da deputada, Roberto Jefferson, atribuiu a retirada da indica\u00e7\u00e3o \u00e0 \u201cindecis\u00e3o da ministra [do Supremo Tribunal [&hellip;]<\/p>\n","protected":false},"author":96,"featured_media":92223,"comment_status":"closed","ping_status":"closed","sticky":false,"template":"","format":"standard","meta":{"footnotes":""},"categories":[254],"tags":[],"class_list":["post-92224","post","type-post","status-publish","format-standard","has-post-thumbnail","hentry","category-politica"],"_links":{"self":[{"href":"https:\/\/diarioregionaldigital.com.br\/index.php?rest_route=\/wp\/v2\/posts\/92224","targetHints":{"allow":["GET"]}}],"collection":[{"href":"https:\/\/diarioregionaldigital.com.br\/index.php?rest_route=\/wp\/v2\/posts"}],"about":[{"href":"https:\/\/diarioregionaldigital.com.br\/index.php?rest_route=\/wp\/v2\/types\/post"}],"author":[{"embeddable":true,"href":"https:\/\/diarioregionaldigital.com.br\/index.php?rest_route=\/wp\/v2\/users\/96"}],"replies":[{"embeddable":true,"href":"https:\/\/diarioregionaldigital.com.br\/index.php?rest_route=%2Fwp%2Fv2%2Fcomments&post=92224"}],"version-history":[{"count":0,"href":"https:\/\/diarioregionaldigital.com.br\/index.php?rest_route=\/wp\/v2\/posts\/92224\/revisions"}],"wp:featuredmedia":[{"embeddable":true,"href":"https:\/\/diarioregionaldigital.com.br\/index.php?rest_route=\/wp\/v2\/media\/92223"}],"wp:attachment":[{"href":"https:\/\/diarioregionaldigital.com.br\/index.php?rest_route=%2Fwp%2Fv2%2Fmedia&parent=92224"}],"wp:term":[{"taxonomy":"category","embeddable":true,"href":"https:\/\/diarioregionaldigital.com.br\/index.php?rest_route=%2Fwp%2Fv2%2Fcategories&post=92224"},{"taxonomy":"post_tag","embeddable":true,"href":"https:\/\/diarioregionaldigital.com.br\/index.php?rest_route=%2Fwp%2Fv2%2Ftags&post=92224"}],"curies":[{"name":"wp","href":"https:\/\/api.w.org\/{rel}","templated":true}]}}