{"id":92222,"date":"2018-02-20T19:58:32","date_gmt":"2018-02-20T22:58:32","guid":{"rendered":"http:\/\/diarioregionaljf.com.br\/2018\/02\/20\/homem-fica-preso-a-cerca-de-sete-metros-de-altura-durante-corte-de-arvore-em-muriae\/"},"modified":"2018-02-20T19:58:32","modified_gmt":"2018-02-20T22:58:32","slug":"homem-fica-preso-a-cerca-de-sete-metros-de-altura-durante-corte-de-arvore-em-muriae","status":"publish","type":"post","link":"https:\/\/diarioregionaldigital.com.br\/?p=92222","title":{"rendered":"Homem fica preso a cerca de sete metros de altura durante corte de \u00e1rvore em Muria\u00e9"},"content":{"rendered":"<p>Um homem de aproximadamente 60 anos foi resgatado pelo Corpo de Bombeiros ap\u00f3s ficar preso no alto de uma \u00e1rvore, a cerca de sete metros, no bairro Jo\u00e3o XXIII, em Muria\u00e9 (a aproximadamente 158Km de Juiz de Fora), na tarde dessa segunda-feira, 19. De acordo com os militares, o homem realizava o corte de uma \u00e1rvore de grande porte quando a mesma caiu e prensou seus bra\u00e7os contra outra \u00e1rvore, na qual ele estava.<\/p>\n<p>Segundo relatou o bombeiro, sargento Agnaldo, o homem foi encaminhado ao Hospital S\u00e3o Paulo (HSP), apresentando escoria\u00e7\u00f5es nos bra\u00e7os e pernas, al\u00e9m de contus\u00e3o em uma das pernas.<\/p>\n<p>Com uso de cordas, os militares estabilizaram a \u00e1rvore que caiu e, utilizando equipamentos de salvamento em altura, o sargento subiu e resgatou a v\u00edtima.<\/p>\n<p>&nbsp;<\/p>\n<p>Fonte: R\u00e1dio Muria\u00e9<\/p>\n","protected":false},"excerpt":{"rendered":"<p>Um homem de aproximadamente 60 anos foi resgatado pelo Corpo de Bombeiros ap\u00f3s ficar preso no alto de uma \u00e1rvore, a cerca de sete metros, no bairro Jo\u00e3o XXIII, em Muria\u00e9 (a aproximadamente 158Km de Juiz de Fora), na tarde dessa segunda-feira, 19. De acordo com os militares, o homem realizava o corte de uma [&hellip;]<\/p>\n","protected":false},"author":96,"featured_media":92221,"comment_status":"closed","ping_status":"closed","sticky":false,"template":"","format":"standard","meta":{"footnotes":""},"categories":[252],"tags":[],"class_list":["post-92222","post","type-post","status-publish","format-standard","has-post-thumbnail","hentry","category-regiao"],"_links":{"self":[{"href":"https:\/\/diarioregionaldigital.com.br\/index.php?rest_route=\/wp\/v2\/posts\/92222","targetHints":{"allow":["GET"]}}],"collection":[{"href":"https:\/\/diarioregionaldigital.com.br\/index.php?rest_route=\/wp\/v2\/posts"}],"about":[{"href":"https:\/\/diarioregionaldigital.com.br\/index.php?rest_route=\/wp\/v2\/types\/post"}],"author":[{"embeddable":true,"href":"https:\/\/diarioregionaldigital.com.br\/index.php?rest_route=\/wp\/v2\/users\/96"}],"replies":[{"embeddable":true,"href":"https:\/\/diarioregionaldigital.com.br\/index.php?rest_route=%2Fwp%2Fv2%2Fcomments&post=92222"}],"version-history":[{"count":0,"href":"https:\/\/diarioregionaldigital.com.br\/index.php?rest_route=\/wp\/v2\/posts\/92222\/revisions"}],"wp:featuredmedia":[{"embeddable":true,"href":"https:\/\/diarioregionaldigital.com.br\/index.php?rest_route=\/wp\/v2\/media\/92221"}],"wp:attachment":[{"href":"https:\/\/diarioregionaldigital.com.br\/index.php?rest_route=%2Fwp%2Fv2%2Fmedia&parent=92222"}],"wp:term":[{"taxonomy":"category","embeddable":true,"href":"https:\/\/diarioregionaldigital.com.br\/index.php?rest_route=%2Fwp%2Fv2%2Fcategories&post=92222"},{"taxonomy":"post_tag","embeddable":true,"href":"https:\/\/diarioregionaldigital.com.br\/index.php?rest_route=%2Fwp%2Fv2%2Ftags&post=92222"}],"curies":[{"name":"wp","href":"https:\/\/api.w.org\/{rel}","templated":true}]}}