{"id":92220,"date":"2018-02-20T19:44:59","date_gmt":"2018-02-20T22:44:59","guid":{"rendered":"http:\/\/diarioregionaljf.com.br\/2018\/02\/20\/minas-gerais-tem-primeiro-hospital-publico-a-oferecer-unidade-de-cuidados-continuados-integrados\/"},"modified":"2018-02-20T19:44:59","modified_gmt":"2018-02-20T22:44:59","slug":"minas-gerais-tem-primeiro-hospital-publico-a-oferecer-unidade-de-cuidados-continuados-integrados","status":"publish","type":"post","link":"https:\/\/diarioregionaldigital.com.br\/?p=92220","title":{"rendered":"Minas Gerais tem primeiro hospital p\u00fablico a oferecer unidade de Cuidados Continuados Integrados"},"content":{"rendered":"<p>A Casa de Sa\u00fade S\u00e3o Francisco de Assis, em Bambu\u00ed, \u00e9 o primeiro hospital p\u00fablico do Estado a oferecer leitos de Cuidados Continuados Integrados (CCI) e o sexto no pa\u00eds a adotar essa proposta inovadora. A unidade, da Rede Fhemig, foi inclu\u00edda recentemente na Rede de Urg\u00eancia e Emerg\u00eancia da Macrorregi\u00e3o Oeste, com capacidade de 50 leitos para pacientes que necessitam de reabilita\u00e7\u00e3o f\u00edsica p\u00f3s-trauma.<\/p>\n<p>A Casa de Sa\u00fade admite pacientes encaminhados pelos hospitais de urg\u00eancia e emerg\u00eancia da regi\u00e3o Oeste, que passam por uma avalia\u00e7\u00e3o multiprofissional na unidade.<\/p>\n<p>Essas pessoas assistidas precisam atender a alguns crit\u00e9rios, como ter v\u00ednculo familiar e resid\u00eancia fixa. Isso porque o tratamento oferecido pela unidade varia entre 30 e 90 dias, previstos em um plano de cuidado individual elaborado pela equipe. Ap\u00f3s esse per\u00edodo intensivo, com sess\u00f5es de fisioterapia, fonoaudiologia, nutri\u00e7\u00e3o e demais necessidades apresentadas pelo paciente, este recebe alta e continua sendo monitorado, em casa, pela Aten\u00e7\u00e3o B\u00e1sica.<\/p>\n<p>Os pacientes (ou familiares) que se interessarem devem procurar a dire\u00e7\u00e3o do hospital onde est\u00e3o internados e solicitar a sua transfer\u00eancia para a Casa de Sa\u00fade S\u00e3o Francisco de Assis. Pacientes que j\u00e1 est\u00e3o em casa devem procurar a sua Secretaria Municipal de Sa\u00fade para que seja avaliada essa possibilidade e, se for o caso, tamb\u00e9m serem encaminhados.<\/p>\n<p>O servi\u00e7o \u00e9 essencial para garantir o tratamento do paciente no momento mais promissor para sua reabilita\u00e7\u00e3o, ou seja, logo nos primeiros tr\u00eas meses ap\u00f3s sua alta hospitalar das unidades de urg\u00eancia e emerg\u00eancia. Ao mesmo tempo em que ele \u00e9 atendido nas sess\u00f5es programadas, sua fam\u00edlia \u00e9 treinada para ajud\u00e1-lo nas tarefas di\u00e1rias, quando voltar ao seu lar.<\/p>\n<p>Pessoas que sofreram um acidente vascular cerebral (AVC), traumatismos cranianos, fraturas graves, entre outros casos, podem recuperar sua autonomia e independ\u00eancia funcional de forma parcial ou total, assim como se recuperar de sequelas f\u00edsicas e neurol\u00f3gicas, se forem reabilitadas no momento certo.<\/p>\n<p>Jos\u00e9 Aparecido da Silva acompanhou sua filha Thayn\u00e3 Aira Aparecida Silva, de 26 anos, na CSSFA. Ela foi a primeira paciente a ser atendida na Unidade de Cuidados Continuados Integrados, admitida no dia 26 de janeiro deste ano.<\/p>\n<p>Thayn\u00e3 foi v\u00edtima de acidente de carro e sofreu traumatismo craniano. Permaneceu internada em coma por 20 dias. Encaminhada \u00e0 Casa de Sa\u00fade, ela e sua fam\u00edlia foram atendidas e orientadas de acordo com suas necessidades e expectativas de reabilita\u00e7\u00e3o. O pai de Thayn\u00e3 agradece e elogia o trabalho realizado pela equipe da CCI. \u201cEla j\u00e1 teve \u00f3timos resultados, a equipe est\u00e1 de parab\u00e9ns. Estou muito satisfeito em ver minha filha se recuperar t\u00e3o bem e t\u00e3o rapidamente\u201d, avalia.<\/p>\n<p>&nbsp;<\/p>\n<p>Fonte: Ag\u00eancia Minas<\/p>\n","protected":false},"excerpt":{"rendered":"<p>A Casa de Sa\u00fade S\u00e3o Francisco de Assis, em Bambu\u00ed, \u00e9 o primeiro hospital p\u00fablico do Estado a oferecer leitos de Cuidados Continuados Integrados (CCI) e o sexto no pa\u00eds a adotar essa proposta inovadora. A unidade, da Rede Fhemig, foi inclu\u00edda recentemente na Rede de Urg\u00eancia e Emerg\u00eancia da Macrorregi\u00e3o Oeste, com capacidade de [&hellip;]<\/p>\n","protected":false},"author":96,"featured_media":92219,"comment_status":"closed","ping_status":"closed","sticky":false,"template":"","format":"standard","meta":{"footnotes":""},"categories":[252],"tags":[],"class_list":["post-92220","post","type-post","status-publish","format-standard","has-post-thumbnail","hentry","category-regiao"],"_links":{"self":[{"href":"https:\/\/diarioregionaldigital.com.br\/index.php?rest_route=\/wp\/v2\/posts\/92220","targetHints":{"allow":["GET"]}}],"collection":[{"href":"https:\/\/diarioregionaldigital.com.br\/index.php?rest_route=\/wp\/v2\/posts"}],"about":[{"href":"https:\/\/diarioregionaldigital.com.br\/index.php?rest_route=\/wp\/v2\/types\/post"}],"author":[{"embeddable":true,"href":"https:\/\/diarioregionaldigital.com.br\/index.php?rest_route=\/wp\/v2\/users\/96"}],"replies":[{"embeddable":true,"href":"https:\/\/diarioregionaldigital.com.br\/index.php?rest_route=%2Fwp%2Fv2%2Fcomments&post=92220"}],"version-history":[{"count":0,"href":"https:\/\/diarioregionaldigital.com.br\/index.php?rest_route=\/wp\/v2\/posts\/92220\/revisions"}],"wp:featuredmedia":[{"embeddable":true,"href":"https:\/\/diarioregionaldigital.com.br\/index.php?rest_route=\/wp\/v2\/media\/92219"}],"wp:attachment":[{"href":"https:\/\/diarioregionaldigital.com.br\/index.php?rest_route=%2Fwp%2Fv2%2Fmedia&parent=92220"}],"wp:term":[{"taxonomy":"category","embeddable":true,"href":"https:\/\/diarioregionaldigital.com.br\/index.php?rest_route=%2Fwp%2Fv2%2Fcategories&post=92220"},{"taxonomy":"post_tag","embeddable":true,"href":"https:\/\/diarioregionaldigital.com.br\/index.php?rest_route=%2Fwp%2Fv2%2Ftags&post=92220"}],"curies":[{"name":"wp","href":"https:\/\/api.w.org\/{rel}","templated":true}]}}