{"id":92218,"date":"2018-02-20T19:28:26","date_gmt":"2018-02-20T22:28:26","guid":{"rendered":"http:\/\/diarioregionaljf.com.br\/2018\/02\/20\/aprovados-pelo-sisu-na-ufjf-fazem-matricula-presencial-na-quarta-e-na-quinta-feira\/"},"modified":"2018-02-20T19:28:26","modified_gmt":"2018-02-20T22:28:26","slug":"aprovados-pelo-sisu-na-ufjf-fazem-matricula-presencial-na-quarta-e-na-quinta-feira","status":"publish","type":"post","link":"https:\/\/diarioregionaldigital.com.br\/?p=92218","title":{"rendered":"Aprovados pelo Sisu na UFJF fazem matr\u00edcula presencial na quarta e na quinta-feira"},"content":{"rendered":"<p>As matr\u00edculas presenciais dos aprovados na Universidade Federal de Juiz de Fora (UFJF) pela chamada regular do <a href=\"http:\/\/sisu.mec.gov.br\/\" target=\"_blank\" rel=\"noopener noreferrer\">Sistema de Sele\u00e7\u00e3o Unificada (Sisu)<\/a> ser\u00e3o realizadas nesta quarta e quinta-feira, 21 e 22. No campus de Juiz de Fora, os candidatos devem se direcionar ao anfiteatro das Pr\u00f3-reitorias, localizado no pr\u00e9dio central do campus. E em Governador Valadares, ao Pr\u00e9dio da Faculdade Pit\u00e1goras (Rua Dr. Raimundo Monteiro de Rezende, n\u00ba 330, Centro).<\/p>\n<p>Os candidatos podem conferir os <a href=\"http:\/\/www.ufjf.br\/cdara\/files\/2018\/01\/ORIENTA\u00c7\u00d5ES-COMPLEMENTARES-PARA-MATR\u00cdCULA-SiSU-2017-211.pdf\" target=\"_blank\" rel=\"noopener noreferrer\">hor\u00e1rios estabelecidos para a matr\u00edcula de cada curso<\/a> no site da Coordenadoria de Assuntos e Registros Acad\u00eamicos (Cdara). Assim como a <a href=\"http:\/\/www.ufjf.br\/cdara\/sisu-2\/sisu-2018\/documentacao-datas-e-horarios\/\" target=\"_blank\" rel=\"noopener noreferrer\">lista completa de documentos e formul\u00e1rios <\/a>que precisam ser preenchidos e entregues na realiza\u00e7\u00e3o da matr\u00edcula.<\/p>\n<p>A recomenda\u00e7\u00e3o \u00e9 que os aprovados confiram se a documenta\u00e7\u00e3o est\u00e1 completa, para evitar o indeferimento da matr\u00edcula. E apenas os candidatos que realizaram a pr\u00e9-matr\u00edcula on-line, entre os dias 5 e 7 de fevereiro, poder\u00e3o participar desta etapa presencial.<\/p>\n<p>&nbsp;<\/p>\n<h4>PR\u00c9-MATR\u00cdCULA DO PISM<\/h4>\n<p>A pr\u00e9-matr\u00edcula on-line dos candidatos aprovados na chamada regular do Programa de Ingresso Seletivo Misto (Pism) tamb\u00e9m tem in\u00edcio nesta quarta-feira, 21, e se encerra na sexta-feira, 23. E os candidatos precisam ficar atentos, pois h\u00e1 um link espec\u00edfico para os que ingressam no primeiro semestre, e outro para aqueles que come\u00e7am a gradua\u00e7\u00e3o no segundo semestre.<\/p>\n<p>A matr\u00edcula presencial para o Pism ser\u00e1 nos dias 1 e 2 de mar\u00e7o, nos dois campi. Os documentos, os formul\u00e1rios e a grade de hor\u00e1rios da matr\u00edcula est\u00e3o dispon\u00edveis no <a href=\"http:\/\/www.ufjf.br\/cdara\/pism-vestibular\/pism-vestibular-2018\/documentacao-datas-e-horarios\/\" target=\"_blank\" rel=\"noopener noreferrer\">site da Cdara<\/a>.<\/p>\n<p>&nbsp;<\/p>\n<p>Fonte: Assessoria<\/p>\n","protected":false},"excerpt":{"rendered":"<p>As matr\u00edculas presenciais dos aprovados na Universidade Federal de Juiz de Fora (UFJF) pela chamada regular do Sistema de Sele\u00e7\u00e3o Unificada (Sisu) ser\u00e3o realizadas nesta quarta e quinta-feira, 21 e 22. No campus de Juiz de Fora, os candidatos devem se direcionar ao anfiteatro das Pr\u00f3-reitorias, localizado no pr\u00e9dio central do campus. E em Governador [&hellip;]<\/p>\n","protected":false},"author":96,"featured_media":92217,"comment_status":"closed","ping_status":"closed","sticky":false,"template":"","format":"standard","meta":{"footnotes":""},"categories":[253],"tags":[],"class_list":["post-92218","post","type-post","status-publish","format-standard","has-post-thumbnail","hentry","category-cidade"],"_links":{"self":[{"href":"https:\/\/diarioregionaldigital.com.br\/index.php?rest_route=\/wp\/v2\/posts\/92218","targetHints":{"allow":["GET"]}}],"collection":[{"href":"https:\/\/diarioregionaldigital.com.br\/index.php?rest_route=\/wp\/v2\/posts"}],"about":[{"href":"https:\/\/diarioregionaldigital.com.br\/index.php?rest_route=\/wp\/v2\/types\/post"}],"author":[{"embeddable":true,"href":"https:\/\/diarioregionaldigital.com.br\/index.php?rest_route=\/wp\/v2\/users\/96"}],"replies":[{"embeddable":true,"href":"https:\/\/diarioregionaldigital.com.br\/index.php?rest_route=%2Fwp%2Fv2%2Fcomments&post=92218"}],"version-history":[{"count":0,"href":"https:\/\/diarioregionaldigital.com.br\/index.php?rest_route=\/wp\/v2\/posts\/92218\/revisions"}],"wp:featuredmedia":[{"embeddable":true,"href":"https:\/\/diarioregionaldigital.com.br\/index.php?rest_route=\/wp\/v2\/media\/92217"}],"wp:attachment":[{"href":"https:\/\/diarioregionaldigital.com.br\/index.php?rest_route=%2Fwp%2Fv2%2Fmedia&parent=92218"}],"wp:term":[{"taxonomy":"category","embeddable":true,"href":"https:\/\/diarioregionaldigital.com.br\/index.php?rest_route=%2Fwp%2Fv2%2Fcategories&post=92218"},{"taxonomy":"post_tag","embeddable":true,"href":"https:\/\/diarioregionaldigital.com.br\/index.php?rest_route=%2Fwp%2Fv2%2Ftags&post=92218"}],"curies":[{"name":"wp","href":"https:\/\/api.w.org\/{rel}","templated":true}]}}