{"id":92213,"date":"2018-02-20T19:15:30","date_gmt":"2018-02-20T22:15:30","guid":{"rendered":"http:\/\/diarioregionaljf.com.br\/2018\/02\/20\/comissao-analisa-projeto-que-preve-mediacao-nos-conflitos-envolvendo-a-guarda-de-menores\/"},"modified":"2018-02-20T19:15:30","modified_gmt":"2018-02-20T22:15:30","slug":"comissao-analisa-projeto-que-preve-mediacao-nos-conflitos-envolvendo-a-guarda-de-menores","status":"publish","type":"post","link":"https:\/\/diarioregionaldigital.com.br\/?p=92213","title":{"rendered":"Comiss\u00e3o analisa projeto que prev\u00ea media\u00e7\u00e3o nos conflitos envolvendo a guarda de menores"},"content":{"rendered":"<p>Em reuni\u00e3o nesta quarta-feira, 21, a Comiss\u00e3o de Direitos Humanos e Legisla\u00e7\u00e3o Participativa (CDH) pode analisar o Projeto de Lei do Senado (PLS) 144\/2017, que prev\u00ea o uso do instituto da media\u00e7\u00e3o na resolu\u00e7\u00e3o de conflitos entre as partes respons\u00e1veis pela guarda de menores. A reuni\u00e3o tem previs\u00e3o de ser iniciada \u00e0s 11h na sala 2 da ala Nilo Coelho.<\/p>\n<p>De autoria do senador D\u00e1rio Berger (PMDB-SC), o projeto reinsere na Lei 12.318\/2010 dispositivo que constava do texto original, objeto de veto presidencial, como forma de prever a utiliza\u00e7\u00e3o da media\u00e7\u00e3o nos lit\u00edgios envolvendo aliena\u00e7\u00e3o parental.<\/p>\n<p>De acordo com a proposi\u00e7\u00e3o, as partes poder\u00e3o recorrer \u00e0 media\u00e7\u00e3o para a solu\u00e7\u00e3o de seus lit\u00edgios, antes ou no curso de processo judicial. A media\u00e7\u00e3o ser\u00e1 precedida de acordo que indique a sua dura\u00e7\u00e3o, bem como o regime provis\u00f3rio de exerc\u00edcio de responsabilidades ao longo do tempo de obten\u00e7\u00e3o do acordo. Fica tamb\u00e9m determinado que os termos do acordo de media\u00e7\u00e3o n\u00e3o vinculam decis\u00f5es judiciais supervenientes.<\/p>\n<p>O relat\u00f3rio do senador Rom\u00e1rio (Pode-RJ) \u00e9 favor\u00e1vel \u00e0 proposta. De acordo com emenda apresentada pelo relator, o termo que ajustar o procedimento de media\u00e7\u00e3o e o que dele resultar dever\u00e3o ser submetidos ao exame do Minist\u00e9rio P\u00fablico e \u00e0 homologa\u00e7\u00e3o judicial. Posteriormente o projeto ser\u00e1 analisado em car\u00e1ter terminativo na Comiss\u00e3o de Constitui\u00e7\u00e3o, Justi\u00e7a e Cidadania (CCJ). A CCJ j\u00e1 examina outra proposta envolvendo media\u00e7\u00e3o, o (PLC) 84\/2017, que prev\u00ea a recomenda\u00e7\u00e3o pelos ju\u00edzes de uso do procedimento por casais em casos de div\u00f3rcio e que aguarda designa\u00e7\u00e3o de relator naquele colegiado.<\/p>\n<p>Fonte: Ag\u00eancia Senado<\/p>\n","protected":false},"excerpt":{"rendered":"<p>Em reuni\u00e3o nesta quarta-feira, 21, a Comiss\u00e3o de Direitos Humanos e Legisla\u00e7\u00e3o Participativa (CDH) pode analisar o Projeto de Lei do Senado (PLS) 144\/2017, que prev\u00ea o uso do instituto da media\u00e7\u00e3o na resolu\u00e7\u00e3o de conflitos entre as partes respons\u00e1veis pela guarda de menores. A reuni\u00e3o tem previs\u00e3o de ser iniciada \u00e0s 11h na sala [&hellip;]<\/p>\n","protected":false},"author":96,"featured_media":92212,"comment_status":"closed","ping_status":"closed","sticky":false,"template":"","format":"standard","meta":{"footnotes":""},"categories":[254],"tags":[],"class_list":["post-92213","post","type-post","status-publish","format-standard","has-post-thumbnail","hentry","category-politica"],"_links":{"self":[{"href":"https:\/\/diarioregionaldigital.com.br\/index.php?rest_route=\/wp\/v2\/posts\/92213","targetHints":{"allow":["GET"]}}],"collection":[{"href":"https:\/\/diarioregionaldigital.com.br\/index.php?rest_route=\/wp\/v2\/posts"}],"about":[{"href":"https:\/\/diarioregionaldigital.com.br\/index.php?rest_route=\/wp\/v2\/types\/post"}],"author":[{"embeddable":true,"href":"https:\/\/diarioregionaldigital.com.br\/index.php?rest_route=\/wp\/v2\/users\/96"}],"replies":[{"embeddable":true,"href":"https:\/\/diarioregionaldigital.com.br\/index.php?rest_route=%2Fwp%2Fv2%2Fcomments&post=92213"}],"version-history":[{"count":0,"href":"https:\/\/diarioregionaldigital.com.br\/index.php?rest_route=\/wp\/v2\/posts\/92213\/revisions"}],"wp:featuredmedia":[{"embeddable":true,"href":"https:\/\/diarioregionaldigital.com.br\/index.php?rest_route=\/wp\/v2\/media\/92212"}],"wp:attachment":[{"href":"https:\/\/diarioregionaldigital.com.br\/index.php?rest_route=%2Fwp%2Fv2%2Fmedia&parent=92213"}],"wp:term":[{"taxonomy":"category","embeddable":true,"href":"https:\/\/diarioregionaldigital.com.br\/index.php?rest_route=%2Fwp%2Fv2%2Fcategories&post=92213"},{"taxonomy":"post_tag","embeddable":true,"href":"https:\/\/diarioregionaldigital.com.br\/index.php?rest_route=%2Fwp%2Fv2%2Ftags&post=92213"}],"curies":[{"name":"wp","href":"https:\/\/api.w.org\/{rel}","templated":true}]}}