{"id":92211,"date":"2018-02-20T19:05:20","date_gmt":"2018-02-20T22:05:20","guid":{"rendered":"http:\/\/diarioregionaljf.com.br\/2018\/02\/20\/camara-aprova-representacao-em-apoio-a-cpi-para-investigar-o-instituto-de-previdencia-dos-servidores-militares-de-minas-gerais\/"},"modified":"2018-02-20T19:05:20","modified_gmt":"2018-02-20T22:05:20","slug":"camara-aprova-representacao-em-apoio-a-cpi-para-investigar-o-instituto-de-previdencia-dos-servidores-militares-de-minas-gerais","status":"publish","type":"post","link":"https:\/\/diarioregionaldigital.com.br\/?p=92211","title":{"rendered":"C\u00e2mara aprova representa\u00e7\u00e3o em apoio \u00e0 CPI para investigar o Instituto de Previd\u00eancia dos Servidores Militares de Minas Gerais"},"content":{"rendered":"<p>O plen\u00e1rio da C\u00e2mara Municipal aprovou nessa segunda-feira, 19, requerimento do vereador Sargento Mello Casal (PTB) para enviar \u00e0 Assembl\u00e9ia Legislativa de Minas Gerais (Alemg) representa\u00e7\u00e3o em apoio \u00e0 instala\u00e7\u00e3o de uma Comiss\u00e3o Parlamentar de Inqu\u00e9rito para investigar a situa\u00e7\u00e3o do Instituto de Previd\u00eancia dos Servidores Militares de Minas Gerais (IPSM).<\/p>\n<p>De acordo com o vereador Mello Casal, o governo do Estado teria cessado os repasses ao IPSM nos \u00faltimos meses, o que acarretou na falta de recursos para pagamento de cl\u00ednicas que atendem as fam\u00edlias dos policiais e bombeiros militares. Ainda segundo Mello, em meados de 2015, a institui\u00e7\u00e3o tinha cerca de 600 milh\u00f5es em caixa. \u201cEsse dinheiro n\u00e3o pode ser utilizado para pagar d\u00edvida do estado\u201d, afirmou. Atualmente, o d\u00e9ficit nas contas do IPSM seria de 3 bilh\u00f5es.<\/p>\n<p>&nbsp;<\/p>\n<p>Fonte: Assessoria<\/p>\n","protected":false},"excerpt":{"rendered":"<p>O plen\u00e1rio da C\u00e2mara Municipal aprovou nessa segunda-feira, 19, requerimento do vereador Sargento Mello Casal (PTB) para enviar \u00e0 Assembl\u00e9ia Legislativa de Minas Gerais (Alemg) representa\u00e7\u00e3o em apoio \u00e0 instala\u00e7\u00e3o de uma Comiss\u00e3o Parlamentar de Inqu\u00e9rito para investigar a situa\u00e7\u00e3o do Instituto de Previd\u00eancia dos Servidores Militares de Minas Gerais (IPSM). De acordo com o [&hellip;]<\/p>\n","protected":false},"author":96,"featured_media":92210,"comment_status":"closed","ping_status":"closed","sticky":false,"template":"","format":"standard","meta":{"footnotes":""},"categories":[254],"tags":[],"class_list":["post-92211","post","type-post","status-publish","format-standard","has-post-thumbnail","hentry","category-politica"],"_links":{"self":[{"href":"https:\/\/diarioregionaldigital.com.br\/index.php?rest_route=\/wp\/v2\/posts\/92211","targetHints":{"allow":["GET"]}}],"collection":[{"href":"https:\/\/diarioregionaldigital.com.br\/index.php?rest_route=\/wp\/v2\/posts"}],"about":[{"href":"https:\/\/diarioregionaldigital.com.br\/index.php?rest_route=\/wp\/v2\/types\/post"}],"author":[{"embeddable":true,"href":"https:\/\/diarioregionaldigital.com.br\/index.php?rest_route=\/wp\/v2\/users\/96"}],"replies":[{"embeddable":true,"href":"https:\/\/diarioregionaldigital.com.br\/index.php?rest_route=%2Fwp%2Fv2%2Fcomments&post=92211"}],"version-history":[{"count":0,"href":"https:\/\/diarioregionaldigital.com.br\/index.php?rest_route=\/wp\/v2\/posts\/92211\/revisions"}],"wp:featuredmedia":[{"embeddable":true,"href":"https:\/\/diarioregionaldigital.com.br\/index.php?rest_route=\/wp\/v2\/media\/92210"}],"wp:attachment":[{"href":"https:\/\/diarioregionaldigital.com.br\/index.php?rest_route=%2Fwp%2Fv2%2Fmedia&parent=92211"}],"wp:term":[{"taxonomy":"category","embeddable":true,"href":"https:\/\/diarioregionaldigital.com.br\/index.php?rest_route=%2Fwp%2Fv2%2Fcategories&post=92211"},{"taxonomy":"post_tag","embeddable":true,"href":"https:\/\/diarioregionaldigital.com.br\/index.php?rest_route=%2Fwp%2Fv2%2Ftags&post=92211"}],"curies":[{"name":"wp","href":"https:\/\/api.w.org\/{rel}","templated":true}]}}