{"id":92209,"date":"2018-02-20T18:57:38","date_gmt":"2018-02-20T21:57:38","guid":{"rendered":"http:\/\/diarioregionaljf.com.br\/2018\/02\/20\/maia-cria-comissao-para-analisar-projeto-sobre-privatizacao-da-eletrobras\/"},"modified":"2018-02-20T18:57:38","modified_gmt":"2018-02-20T21:57:38","slug":"maia-cria-comissao-para-analisar-projeto-sobre-privatizacao-da-eletrobras","status":"publish","type":"post","link":"https:\/\/diarioregionaldigital.com.br\/?p=92209","title":{"rendered":"Maia cria comiss\u00e3o para analisar projeto sobre privatiza\u00e7\u00e3o da Eletrobras"},"content":{"rendered":"<p>O presidente da C\u00e2mara dos Deputados, Rodrigo Maia, determinou a cria\u00e7\u00e3o de uma comiss\u00e3o especial para analisar o projeto de lei que trata da privatiza\u00e7\u00e3o da Eletrobras.<\/p>\n<p>A comiss\u00e3o ser\u00e1 composta por 35 membros e 35 suplentes que devem ser indicados pelos partidos. Para presidir a comiss\u00e3o, Maia convidou o deputado Hugo Motta (MDB-PB). Para relator, o escolhido foi o deputado Jos\u00e9 Carlos Aleluia (DEM-BA).<\/p>\n<p>A aprova\u00e7\u00e3o do projeto, que prev\u00ea a venda das a\u00e7\u00f5es da estatal, est\u00e1 na lista de prioridades que o governo anunciou nessa segunda-feira, 19, depois de suspender a tramita\u00e7\u00e3o da reforma da Previd\u00eancia.<\/p>\n<p>Segundo a assessoria de Jos\u00e9 Carlos Aleluia, o parecer dele deve ser favor\u00e1vel ao projeto da privatiza\u00e7\u00e3o. Contudo, o deputado tem queixas \u00e0 vers\u00e3o original encaminhada pelo governo e deve fazer modifica\u00e7\u00f5es no texto. Para Aleluia, o projeto est\u00e1 muito mais focado na quest\u00e3o da arrecada\u00e7\u00e3o do que nos problemas do setor el\u00e9trico.<\/p>\n<p>Apesar da forte resist\u00eancia que a mat\u00e9ria ainda enfrenta entre parlamentares da base governista e da oposi\u00e7\u00e3o, a previs\u00e3o do governo \u00e9 de que o projeto seja votado at\u00e9 o final de abril. Aleluia deve &#8220;esmiu\u00e7ar&#8221; as quest\u00f5es regionais, principalmente em rela\u00e7\u00e3o ao Rio S\u00e3o Francisco como forma de dar alguma compensa\u00e7\u00e3o a toda explora\u00e7\u00e3o feita no rio pelas nove usinas da estatal.<\/p>\n<p>Fonte: Ag\u00eancia Brasil<\/p>\n","protected":false},"excerpt":{"rendered":"<p>O presidente da C\u00e2mara dos Deputados, Rodrigo Maia, determinou a cria\u00e7\u00e3o de uma comiss\u00e3o especial para analisar o projeto de lei que trata da privatiza\u00e7\u00e3o da Eletrobras. A comiss\u00e3o ser\u00e1 composta por 35 membros e 35 suplentes que devem ser indicados pelos partidos. Para presidir a comiss\u00e3o, Maia convidou o deputado Hugo Motta (MDB-PB). Para [&hellip;]<\/p>\n","protected":false},"author":96,"featured_media":92208,"comment_status":"closed","ping_status":"closed","sticky":false,"template":"","format":"standard","meta":{"footnotes":""},"categories":[254],"tags":[],"class_list":["post-92209","post","type-post","status-publish","format-standard","has-post-thumbnail","hentry","category-politica"],"_links":{"self":[{"href":"https:\/\/diarioregionaldigital.com.br\/index.php?rest_route=\/wp\/v2\/posts\/92209","targetHints":{"allow":["GET"]}}],"collection":[{"href":"https:\/\/diarioregionaldigital.com.br\/index.php?rest_route=\/wp\/v2\/posts"}],"about":[{"href":"https:\/\/diarioregionaldigital.com.br\/index.php?rest_route=\/wp\/v2\/types\/post"}],"author":[{"embeddable":true,"href":"https:\/\/diarioregionaldigital.com.br\/index.php?rest_route=\/wp\/v2\/users\/96"}],"replies":[{"embeddable":true,"href":"https:\/\/diarioregionaldigital.com.br\/index.php?rest_route=%2Fwp%2Fv2%2Fcomments&post=92209"}],"version-history":[{"count":0,"href":"https:\/\/diarioregionaldigital.com.br\/index.php?rest_route=\/wp\/v2\/posts\/92209\/revisions"}],"wp:featuredmedia":[{"embeddable":true,"href":"https:\/\/diarioregionaldigital.com.br\/index.php?rest_route=\/wp\/v2\/media\/92208"}],"wp:attachment":[{"href":"https:\/\/diarioregionaldigital.com.br\/index.php?rest_route=%2Fwp%2Fv2%2Fmedia&parent=92209"}],"wp:term":[{"taxonomy":"category","embeddable":true,"href":"https:\/\/diarioregionaldigital.com.br\/index.php?rest_route=%2Fwp%2Fv2%2Fcategories&post=92209"},{"taxonomy":"post_tag","embeddable":true,"href":"https:\/\/diarioregionaldigital.com.br\/index.php?rest_route=%2Fwp%2Fv2%2Ftags&post=92209"}],"curies":[{"name":"wp","href":"https:\/\/api.w.org\/{rel}","templated":true}]}}