{"id":92205,"date":"2018-02-20T18:47:43","date_gmt":"2018-02-20T21:47:43","guid":{"rendered":"http:\/\/diarioregionaljf.com.br\/2018\/02\/20\/decreto-sobre-intervencao-federal-no-rio-de-janeiro-chega-ao-senado\/"},"modified":"2018-02-20T18:47:43","modified_gmt":"2018-02-20T21:47:43","slug":"decreto-sobre-intervencao-federal-no-rio-de-janeiro-chega-ao-senado","status":"publish","type":"post","link":"https:\/\/diarioregionaldigital.com.br\/?p=92205","title":{"rendered":"Decreto sobre interven\u00e7\u00e3o federal no Rio de Janeiro chega ao Senado"},"content":{"rendered":"<p>Foi protocolado no Senado, na manh\u00e3 dessa ter\u00e7a-feira, 20, o projeto de decreto legislativo (PDC 88\/18), que trata da interven\u00e7\u00e3o na seguran\u00e7a p\u00fablica do Estado do Rio de Janeiro. A mat\u00e9ria foi aprovada por 340 votos favor\u00e1veis, 72 contr\u00e1rios e uma absten\u00e7\u00e3o nesta madrugada pela C\u00e2mara dos Deputados. A sess\u00e3o que vai analisar a proposta no Senado foi convocada para \u00e0s 18h.<\/p>\n<p>O decreto ter\u00e1 impacto na tramita\u00e7\u00e3o de propostas de emenda \u00e0 Constitui\u00e7\u00e3o (PECs), que, segundo j\u00e1 adiantou o presidente do Senado, Eun\u00edcio Oliveira, v\u00e3o ficar paralisadas enquanto durar a interven\u00e7\u00e3o federal. \u201cEnquanto perdurar a interven\u00e7\u00e3o no estado do Rio de Janeiro, eu, Eun\u00edcio Oliveira, presidente do Senado e do Congresso Nacional, n\u00e3o darei tramita\u00e7\u00e3o a nenhuma medida de mudan\u00e7a na Constitui\u00e7\u00e3o, caso contr\u00e1rio eu estaria descumprindo a Constitui\u00e7\u00e3o brasileira, que eu jurei cumprir. N\u00e3o tramitar\u00e1 nenhuma mudan\u00e7a \u00e0 Constitui\u00e7\u00e3o do pa\u00eds\u201d, afirmou o presidente do Senado.<\/p>\n<p>Ainda segundo Eun\u00edcio, que tamb\u00e9m preside os trabalhos do Congresso Nacional, s\u00e3o cerca de 190 as PECs que tramitam atualmente no Senado ou na C\u00e2mara.<\/p>\n<p>Fonte: Ag\u00eancia Brasil<\/p>\n","protected":false},"excerpt":{"rendered":"<p>Foi protocolado no Senado, na manh\u00e3 dessa ter\u00e7a-feira, 20, o projeto de decreto legislativo (PDC 88\/18), que trata da interven\u00e7\u00e3o na seguran\u00e7a p\u00fablica do Estado do Rio de Janeiro. A mat\u00e9ria foi aprovada por 340 votos favor\u00e1veis, 72 contr\u00e1rios e uma absten\u00e7\u00e3o nesta madrugada pela C\u00e2mara dos Deputados. A sess\u00e3o que vai analisar a proposta [&hellip;]<\/p>\n","protected":false},"author":96,"featured_media":92204,"comment_status":"closed","ping_status":"closed","sticky":false,"template":"","format":"standard","meta":{"footnotes":""},"categories":[254],"tags":[],"class_list":["post-92205","post","type-post","status-publish","format-standard","has-post-thumbnail","hentry","category-politica"],"_links":{"self":[{"href":"https:\/\/diarioregionaldigital.com.br\/index.php?rest_route=\/wp\/v2\/posts\/92205","targetHints":{"allow":["GET"]}}],"collection":[{"href":"https:\/\/diarioregionaldigital.com.br\/index.php?rest_route=\/wp\/v2\/posts"}],"about":[{"href":"https:\/\/diarioregionaldigital.com.br\/index.php?rest_route=\/wp\/v2\/types\/post"}],"author":[{"embeddable":true,"href":"https:\/\/diarioregionaldigital.com.br\/index.php?rest_route=\/wp\/v2\/users\/96"}],"replies":[{"embeddable":true,"href":"https:\/\/diarioregionaldigital.com.br\/index.php?rest_route=%2Fwp%2Fv2%2Fcomments&post=92205"}],"version-history":[{"count":0,"href":"https:\/\/diarioregionaldigital.com.br\/index.php?rest_route=\/wp\/v2\/posts\/92205\/revisions"}],"wp:featuredmedia":[{"embeddable":true,"href":"https:\/\/diarioregionaldigital.com.br\/index.php?rest_route=\/wp\/v2\/media\/92204"}],"wp:attachment":[{"href":"https:\/\/diarioregionaldigital.com.br\/index.php?rest_route=%2Fwp%2Fv2%2Fmedia&parent=92205"}],"wp:term":[{"taxonomy":"category","embeddable":true,"href":"https:\/\/diarioregionaldigital.com.br\/index.php?rest_route=%2Fwp%2Fv2%2Fcategories&post=92205"},{"taxonomy":"post_tag","embeddable":true,"href":"https:\/\/diarioregionaldigital.com.br\/index.php?rest_route=%2Fwp%2Fv2%2Ftags&post=92205"}],"curies":[{"name":"wp","href":"https:\/\/api.w.org\/{rel}","templated":true}]}}