{"id":92203,"date":"2018-02-20T18:44:51","date_gmt":"2018-02-20T21:44:51","guid":{"rendered":"http:\/\/diarioregionaljf.com.br\/2018\/02\/20\/numero-de-mortos-por-febre-amarela-ja-chega-a-86-em-minas\/"},"modified":"2018-02-20T18:44:51","modified_gmt":"2018-02-20T21:44:51","slug":"numero-de-mortos-por-febre-amarela-ja-chega-a-86-em-minas","status":"publish","type":"post","link":"https:\/\/diarioregionaldigital.com.br\/?p=92203","title":{"rendered":"N\u00famero de mortos por febre amarela j\u00e1 chega a 86 em Minas"},"content":{"rendered":"<p>Oitenta e seis pessoas j\u00e1 morreram em todo o estado em decorr\u00eancia da febre amarela. Os dados s\u00e3o do Boletim Epidemiol\u00f3gico divulgado nesta ter\u00e7a-feira, 20, pela Secretaria de Estado de Sa\u00fade de Minas Gerais (SES\/MG) e correspondem ao 2\u00ba per\u00edodo de monitoramento da doen\u00e7a (julho\/2017 a junho\/2018). Neste intervalo, 222 casos foram confirmados e outros 505 continuam em investiga\u00e7\u00e3o.<\/p>\n<p>Conforme o documento, na Superintend\u00eancia Regional de Sa\u00fade (SRS) de Juiz de Fora, que integra 37 munic\u00edpios, j\u00e1 foram confirmados 36 casos de febre amarela, dos quais 21 evolu\u00edram para \u00f3bito. Deste total, 15 foram registrados na cidade, onde as mortes j\u00e1 chegam a quatro.<\/p>\n<p>Ainda de acordo com os n\u00fameros da SES\/MG, a SRS de Juiz de Fora fica atr\u00e1s apenas da de Belo Horizonte: composta por 39 munic\u00edpios, a unidade tem 93 casos confirmados da doen\u00e7a, com 27 v\u00edtimas fatais.<\/p>\n<p>Quase 90% (199) dos pacientes diagnosticados com febre amarela silvestre no estado s\u00e3o do sexo masculino e 10,4%(23) s\u00e3o mulheres. Tr\u00eas dos \u00f3bitos registrados em Minas foram do sexo feminino, representando 3,5% do total daqueles confirmados. O \u00edndice de letalidade \u00e9 de aproximadamente 38,7% e, segundo a Secretaria, at\u00e9 o momento n\u00e3o h\u00e1 relato de vacina\u00e7\u00e3o para a doen\u00e7a entre os casos confirmados.<\/p>\n<p>&nbsp;<\/p>\n","protected":false},"excerpt":{"rendered":"<p>Oitenta e seis pessoas j\u00e1 morreram em todo o estado em decorr\u00eancia da febre amarela. Os dados s\u00e3o do Boletim Epidemiol\u00f3gico divulgado nesta ter\u00e7a-feira, 20, pela Secretaria de Estado de Sa\u00fade de Minas Gerais (SES\/MG) e correspondem ao 2\u00ba per\u00edodo de monitoramento da doen\u00e7a (julho\/2017 a junho\/2018). Neste intervalo, 222 casos foram confirmados e outros [&hellip;]<\/p>\n","protected":false},"author":96,"featured_media":92202,"comment_status":"closed","ping_status":"closed","sticky":false,"template":"","format":"standard","meta":{"footnotes":""},"categories":[252],"tags":[],"class_list":["post-92203","post","type-post","status-publish","format-standard","has-post-thumbnail","hentry","category-regiao"],"_links":{"self":[{"href":"https:\/\/diarioregionaldigital.com.br\/index.php?rest_route=\/wp\/v2\/posts\/92203","targetHints":{"allow":["GET"]}}],"collection":[{"href":"https:\/\/diarioregionaldigital.com.br\/index.php?rest_route=\/wp\/v2\/posts"}],"about":[{"href":"https:\/\/diarioregionaldigital.com.br\/index.php?rest_route=\/wp\/v2\/types\/post"}],"author":[{"embeddable":true,"href":"https:\/\/diarioregionaldigital.com.br\/index.php?rest_route=\/wp\/v2\/users\/96"}],"replies":[{"embeddable":true,"href":"https:\/\/diarioregionaldigital.com.br\/index.php?rest_route=%2Fwp%2Fv2%2Fcomments&post=92203"}],"version-history":[{"count":0,"href":"https:\/\/diarioregionaldigital.com.br\/index.php?rest_route=\/wp\/v2\/posts\/92203\/revisions"}],"wp:featuredmedia":[{"embeddable":true,"href":"https:\/\/diarioregionaldigital.com.br\/index.php?rest_route=\/wp\/v2\/media\/92202"}],"wp:attachment":[{"href":"https:\/\/diarioregionaldigital.com.br\/index.php?rest_route=%2Fwp%2Fv2%2Fmedia&parent=92203"}],"wp:term":[{"taxonomy":"category","embeddable":true,"href":"https:\/\/diarioregionaldigital.com.br\/index.php?rest_route=%2Fwp%2Fv2%2Fcategories&post=92203"},{"taxonomy":"post_tag","embeddable":true,"href":"https:\/\/diarioregionaldigital.com.br\/index.php?rest_route=%2Fwp%2Fv2%2Ftags&post=92203"}],"curies":[{"name":"wp","href":"https:\/\/api.w.org\/{rel}","templated":true}]}}