{"id":92201,"date":"2018-02-20T18:41:48","date_gmt":"2018-02-20T21:41:48","guid":{"rendered":"http:\/\/diarioregionaljf.com.br\/2018\/02\/20\/dia-mundial-da-justica-social-lembra-150-milhoes-de-trabalhadores-migrantes\/"},"modified":"2018-02-20T18:41:48","modified_gmt":"2018-02-20T21:41:48","slug":"dia-mundial-da-justica-social-lembra-150-milhoes-de-trabalhadores-migrantes","status":"publish","type":"post","link":"https:\/\/diarioregionaldigital.com.br\/?p=92201","title":{"rendered":"Dia Mundial da Justi\u00e7a Social lembra 150 milh\u00f5es de trabalhadores migrantes"},"content":{"rendered":"<p>Tendo os trabalhadores migrantes como tema deste ano, celebra-se nessa ter\u00e7a-feira, 20, a n\u00edvel internacional o Dia Mundial da Justi\u00e7a Social. Segundo o diretor-geral da Organiza\u00e7\u00e3o Internacional do Trabalho (OIT), Guy Ryder, o registro da data \u00e9 importante porque \u201cmuitos dos 150 milh\u00f5es de trabalhadores migrantes enfrentam explora\u00e7\u00e3o, discrimina\u00e7\u00e3o, viol\u00eancia, e n\u00e3o t\u00eam acesso as mais b\u00e1sicas das prote\u00e7\u00f5es.\u201d A informa\u00e7\u00e3o \u00e9 da ONU News.<\/p>\n<p>Para o chefe da ag\u00eancia da ONU, a maioria das migra\u00e7\u00f5es atuais acontece devido \u00e0 busca de oportunidades de trabalho, seguran\u00e7a e sobreviv\u00eancia. Mas muitos trabalhadores migrantes \u201cacabam presos a sal\u00e1rios baixos, condi\u00e7\u00f5es pouco saud\u00e1veis e seguras, e trabalho informal, onde n\u00e3o h\u00e1 respeito, muitas vezes, pelos direitos humanos\u201d.<\/p>\n<p>Ryder disse que estes desafios s\u00e3o especialmente verdadeiros para as mulheres, que comp\u00f5em 44% dos trabalhadores migrantes. Um tratamento justo, segundo ele, \u201c\u00e9 essencial para preservar o tecido social e o desenvolvimento sustent\u00e1vel,\u201d dos pa\u00edses que os acolhem.<\/p>\n<h4>&nbsp;<\/h4>\n<h4>OPORTUNIDADES PARA OS DOIS LADOS<\/h4>\n<p>O diretor-geral da OIT lembrou a recente decis\u00e3o da Assembleia Geral da ONU de criar um Pacto Global sobre Migra\u00e7\u00e3o Segura, Regular e Ordenada como um fator positivo. Para ele, documentos como estes s\u00e3o necess\u00e1rios para responder aos desafios que as migra\u00e7\u00f5es colocam.<\/p>\n<p>Ryder acredita que \u201cse a migra\u00e7\u00e3o de trabalhadores for bem justa, eficiente e bem administrada, pode trazer benef\u00edcios e oportunidades para os migrantes, as suas fam\u00edlias, e as comunidades de acolhimento.\u201d<\/p>\n<p>O chefe da OIT disse ainda que este tipo de migra\u00e7\u00e3o equilibra a procura e oferta de trabalho, contribui para os sistemas de prote\u00e7\u00e3o social, incentiva a inova\u00e7\u00e3o empresarial e enriquece as comunidades cultural e socialmente.<\/p>\n<p>Fonte: Ag\u00eancia Brasil<\/p>\n","protected":false},"excerpt":{"rendered":"<p>Tendo os trabalhadores migrantes como tema deste ano, celebra-se nessa ter\u00e7a-feira, 20, a n\u00edvel internacional o Dia Mundial da Justi\u00e7a Social. Segundo o diretor-geral da Organiza\u00e7\u00e3o Internacional do Trabalho (OIT), Guy Ryder, o registro da data \u00e9 importante porque \u201cmuitos dos 150 milh\u00f5es de trabalhadores migrantes enfrentam explora\u00e7\u00e3o, discrimina\u00e7\u00e3o, viol\u00eancia, e n\u00e3o t\u00eam acesso as [&hellip;]<\/p>\n","protected":false},"author":96,"featured_media":92200,"comment_status":"closed","ping_status":"closed","sticky":false,"template":"","format":"standard","meta":{"footnotes":""},"categories":[302],"tags":[],"class_list":["post-92201","post","type-post","status-publish","format-standard","has-post-thumbnail","hentry","category-brasil-mundo"],"_links":{"self":[{"href":"https:\/\/diarioregionaldigital.com.br\/index.php?rest_route=\/wp\/v2\/posts\/92201","targetHints":{"allow":["GET"]}}],"collection":[{"href":"https:\/\/diarioregionaldigital.com.br\/index.php?rest_route=\/wp\/v2\/posts"}],"about":[{"href":"https:\/\/diarioregionaldigital.com.br\/index.php?rest_route=\/wp\/v2\/types\/post"}],"author":[{"embeddable":true,"href":"https:\/\/diarioregionaldigital.com.br\/index.php?rest_route=\/wp\/v2\/users\/96"}],"replies":[{"embeddable":true,"href":"https:\/\/diarioregionaldigital.com.br\/index.php?rest_route=%2Fwp%2Fv2%2Fcomments&post=92201"}],"version-history":[{"count":0,"href":"https:\/\/diarioregionaldigital.com.br\/index.php?rest_route=\/wp\/v2\/posts\/92201\/revisions"}],"wp:featuredmedia":[{"embeddable":true,"href":"https:\/\/diarioregionaldigital.com.br\/index.php?rest_route=\/wp\/v2\/media\/92200"}],"wp:attachment":[{"href":"https:\/\/diarioregionaldigital.com.br\/index.php?rest_route=%2Fwp%2Fv2%2Fmedia&parent=92201"}],"wp:term":[{"taxonomy":"category","embeddable":true,"href":"https:\/\/diarioregionaldigital.com.br\/index.php?rest_route=%2Fwp%2Fv2%2Fcategories&post=92201"},{"taxonomy":"post_tag","embeddable":true,"href":"https:\/\/diarioregionaldigital.com.br\/index.php?rest_route=%2Fwp%2Fv2%2Ftags&post=92201"}],"curies":[{"name":"wp","href":"https:\/\/api.w.org\/{rel}","templated":true}]}}