{"id":92199,"date":"2018-02-20T18:30:09","date_gmt":"2018-02-20T21:30:09","guid":{"rendered":"http:\/\/diarioregionaljf.com.br\/2018\/02\/20\/acnur-vai-pedir-apoio-internacional-para-situacao-dos-venezuelanos-no-brasil\/"},"modified":"2018-02-20T18:30:09","modified_gmt":"2018-02-20T21:30:09","slug":"acnur-vai-pedir-apoio-internacional-para-situacao-dos-venezuelanos-no-brasil","status":"publish","type":"post","link":"https:\/\/diarioregionaldigital.com.br\/?p=92199","title":{"rendered":"Acnur vai pedir apoio internacional para situa\u00e7\u00e3o dos venezuelanos no Brasil"},"content":{"rendered":"<p>O alto comiss\u00e1rio das Na\u00e7\u00f5es Unidas para Refugiados (Acnur), Filippo Grandi, disse nessa segunda-feira, 19, que se comprometeu com o presidente Michel Temer a buscar apoio da comunidade internacional para ajudar o Brasil na resposta \u00e0 situa\u00e7\u00e3o da imigra\u00e7\u00e3o venezuelana para o pa\u00eds. Grandi e Temer se reuniram no Pal\u00e1cio da Alvorada no in\u00edcio da tarde de ontem.<\/p>\n<p>\u201cConversamos com o presidente Temer sobre essa resposta a qual o Acnur d\u00e1 apoio irrestrito tanto em termos de assist\u00eancia humanit\u00e1ria quanto em termos de solu\u00e7\u00e3o de longo prazo para um programa de interioriza\u00e7\u00e3o [de venezuelanos no Brasil]\u201d, disse o alto comiss\u00e1rio em declara\u00e7\u00e3o \u00e0 imprensa no Pal\u00e1cio Itamaraty.<\/p>\n<p>\u201cEsperamos que a situa\u00e7\u00e3o na Venezuela se regularize logo. Estimamos que cerca de 24 mil venezuelanos pediram asilo formal ao Brasil. Esse n\u00famero n\u00e3o representa o total de venezuelanos [que entraram no Brasil]\u201d, acrescentou Grandi.<\/p>\n<p>O Brasil vive uma situa\u00e7\u00e3o complexa com a vinda de cidad\u00e3os venezuelanos para a regi\u00e3o Norte, em especial no estado de Roraima. Segundo estimativa da prefeitura de Boa Vista, mais de 40 mil pessoas do pa\u00eds vizinho chegaram \u00e0 cidade, o que corresponde a mais de 10% da popula\u00e7\u00e3o local.<\/p>\n<p>Grandi est\u00e1 no Brasil para participar do encontro de representantes de 36 pa\u00edses em Bras\u00edlia para discutir a situa\u00e7\u00e3o de refugiados na Am\u00e9rica Latina e Caribe. Segundo o ministro das Rela\u00e7\u00f5es Exteriores, Aloysio Nunes, o objetivo do evento \u00e9 recolher sugest\u00f5es das melhores pr\u00e1ticas da regi\u00e3o para a prote\u00e7\u00e3o das pessoas refugiadas para o Pacto Global sobre Refugiados, em debate na Organiza\u00e7\u00e3o das Na\u00e7\u00f5es Unidas e que ser\u00e1 adotado na Assembleia Geral deste ano, em setembro.<\/p>\n<p>Fonte: Ag\u00eancia Brasil<\/p>\n","protected":false},"excerpt":{"rendered":"<p>O alto comiss\u00e1rio das Na\u00e7\u00f5es Unidas para Refugiados (Acnur), Filippo Grandi, disse nessa segunda-feira, 19, que se comprometeu com o presidente Michel Temer a buscar apoio da comunidade internacional para ajudar o Brasil na resposta \u00e0 situa\u00e7\u00e3o da imigra\u00e7\u00e3o venezuelana para o pa\u00eds. Grandi e Temer se reuniram no Pal\u00e1cio da Alvorada no in\u00edcio da [&hellip;]<\/p>\n","protected":false},"author":96,"featured_media":92198,"comment_status":"closed","ping_status":"closed","sticky":false,"template":"","format":"standard","meta":{"footnotes":""},"categories":[302],"tags":[],"class_list":["post-92199","post","type-post","status-publish","format-standard","has-post-thumbnail","hentry","category-brasil-mundo"],"_links":{"self":[{"href":"https:\/\/diarioregionaldigital.com.br\/index.php?rest_route=\/wp\/v2\/posts\/92199","targetHints":{"allow":["GET"]}}],"collection":[{"href":"https:\/\/diarioregionaldigital.com.br\/index.php?rest_route=\/wp\/v2\/posts"}],"about":[{"href":"https:\/\/diarioregionaldigital.com.br\/index.php?rest_route=\/wp\/v2\/types\/post"}],"author":[{"embeddable":true,"href":"https:\/\/diarioregionaldigital.com.br\/index.php?rest_route=\/wp\/v2\/users\/96"}],"replies":[{"embeddable":true,"href":"https:\/\/diarioregionaldigital.com.br\/index.php?rest_route=%2Fwp%2Fv2%2Fcomments&post=92199"}],"version-history":[{"count":0,"href":"https:\/\/diarioregionaldigital.com.br\/index.php?rest_route=\/wp\/v2\/posts\/92199\/revisions"}],"wp:featuredmedia":[{"embeddable":true,"href":"https:\/\/diarioregionaldigital.com.br\/index.php?rest_route=\/wp\/v2\/media\/92198"}],"wp:attachment":[{"href":"https:\/\/diarioregionaldigital.com.br\/index.php?rest_route=%2Fwp%2Fv2%2Fmedia&parent=92199"}],"wp:term":[{"taxonomy":"category","embeddable":true,"href":"https:\/\/diarioregionaldigital.com.br\/index.php?rest_route=%2Fwp%2Fv2%2Fcategories&post=92199"},{"taxonomy":"post_tag","embeddable":true,"href":"https:\/\/diarioregionaldigital.com.br\/index.php?rest_route=%2Fwp%2Fv2%2Ftags&post=92199"}],"curies":[{"name":"wp","href":"https:\/\/api.w.org\/{rel}","templated":true}]}}