{"id":92197,"date":"2018-02-20T18:25:12","date_gmt":"2018-02-20T21:25:12","guid":{"rendered":"http:\/\/diarioregionaljf.com.br\/2018\/02\/20\/olimpiadas-de-inverno-apos-competir-nas-duplas-brasil-foca-em-disputa-do-4-man-no-bobsled\/"},"modified":"2018-02-20T18:25:12","modified_gmt":"2018-02-20T21:25:12","slug":"olimpiadas-de-inverno-apos-competir-nas-duplas-brasil-foca-em-disputa-do-4-man-no-bobsled","status":"publish","type":"post","link":"https:\/\/diarioregionaldigital.com.br\/?p=92197","title":{"rendered":"Olimp\u00edadas de Inverno: Ap\u00f3s competir nas duplas, Brasil foca em disputa do 4-man no bobsled"},"content":{"rendered":"<p>Passada a estreia, a equipe brasileira muda o foco para a disputa mais aguardada do bobsled nos Jogos de Inverno de PyeongChang 2018. Na \u00faltima segunda-feira, a dupla formada por Edson Bindilatti e Edson Martins terminou em 27\u00ba lugar na classifica\u00e7\u00e3o do 2-man, com o tempo combinado de 2min30s71, naquela que foi a primeira participa\u00e7\u00e3o do Brasil nessa prova na hist\u00f3ria da competi\u00e7\u00e3o ol\u00edmpica.<\/p>\n<p>Apesar do resultado ruim, a expectativa \u00e9 a de que o aprendizado com a prova ajude a dar um&nbsp;empurr\u00e3ozinho a mais no time verde-amarelo, que volta \u00e0 pista nesta sexta-feira, dia 23, a partir de 21h45 de Bras\u00edlia, para a disputa do 4-man. A equipe brasileira para esta disputa \u00e9 formada por&nbsp; Edson Bindilatti, Edson Martins, Odirlei Pessoni e Rafael Souza.<\/p>\n<p>\u201cA classifica\u00e7\u00e3o do 2-man foi muito importante porque permitiu uma prepara\u00e7\u00e3o adicional para o nosso 4-man, que \u00e9 mais forte. Quanto mais descidas, mais experi\u00eancia voc\u00ea tem na pista, vai se adaptando e erra menos\u201d, afirmou Edson Bindilatti, piloto do Brasil, que na disputa de duplas ficou \u00e0 frente de pa\u00edses com tradi\u00e7\u00e3o nos esportes de inverno, como China, OAR (Atletas Ol\u00edmpicos da R\u00fassia) e Cro\u00e1cia.<\/p>\n<p>Agora, o foco da equipe est\u00e1 voltado exclusivamente para a prova do quarteto. O 4-man \u00e9 a categoria principal do bobsled, e o Brasil se classificou para os Jogos na 21\u00aa coloca\u00e7\u00e3o do ranking internacional, melhor posicionamento que o pa\u00eds j\u00e1 teve ao chegar para a competi\u00e7\u00e3o ol\u00edmpica.<\/p>\n<p>Os brasileiros fizeram o melhor ciclo ol\u00edmpico da hist\u00f3ria, com resultados expressivos como o bicampeonato na Copa Norte Am\u00e9rica em 2015 e 2018 e dois bronzes no Mundial de Push (Arrancada) em 2016.<\/p>\n<p>\u201cA gente viu que pode andar com qualquer time do mundo. \u00c9 claro que sabemos das nossas limita\u00e7\u00f5es e temos que melhorar em alguns quesitos para o 4-man, como a pilotagem e a largada. S\u00e3o esses pequenos detalhes que tiram grandes posi\u00e7\u00f5es\u201d, afirmou Bindilatti.<\/p>\n<p>A competi\u00e7\u00e3o do bobsled 4-man come\u00e7ar\u00e1 no dia 23 de fevereiro, \u00e0s 21h45 de Bras\u00edlia, com duas descidas. As \u00faltimas duas baterias ser\u00e3o no s\u00e1bado, dia 24, tamb\u00e9m \u00e0s 21h45 de Bras\u00edlia.<\/p>\n","protected":false},"excerpt":{"rendered":"<p>Passada a estreia, a equipe brasileira muda o foco para a disputa mais aguardada do bobsled nos Jogos de Inverno de PyeongChang 2018. Na \u00faltima segunda-feira, a dupla formada por Edson Bindilatti e Edson Martins terminou em 27\u00ba lugar na classifica\u00e7\u00e3o do 2-man, com o tempo combinado de 2min30s71, naquela que foi a primeira participa\u00e7\u00e3o [&hellip;]<\/p>\n","protected":false},"author":96,"featured_media":92196,"comment_status":"closed","ping_status":"closed","sticky":false,"template":"","format":"standard","meta":{"footnotes":""},"categories":[257],"tags":[],"class_list":["post-92197","post","type-post","status-publish","format-standard","has-post-thumbnail","hentry","category-esporte"],"_links":{"self":[{"href":"https:\/\/diarioregionaldigital.com.br\/index.php?rest_route=\/wp\/v2\/posts\/92197","targetHints":{"allow":["GET"]}}],"collection":[{"href":"https:\/\/diarioregionaldigital.com.br\/index.php?rest_route=\/wp\/v2\/posts"}],"about":[{"href":"https:\/\/diarioregionaldigital.com.br\/index.php?rest_route=\/wp\/v2\/types\/post"}],"author":[{"embeddable":true,"href":"https:\/\/diarioregionaldigital.com.br\/index.php?rest_route=\/wp\/v2\/users\/96"}],"replies":[{"embeddable":true,"href":"https:\/\/diarioregionaldigital.com.br\/index.php?rest_route=%2Fwp%2Fv2%2Fcomments&post=92197"}],"version-history":[{"count":0,"href":"https:\/\/diarioregionaldigital.com.br\/index.php?rest_route=\/wp\/v2\/posts\/92197\/revisions"}],"wp:featuredmedia":[{"embeddable":true,"href":"https:\/\/diarioregionaldigital.com.br\/index.php?rest_route=\/wp\/v2\/media\/92196"}],"wp:attachment":[{"href":"https:\/\/diarioregionaldigital.com.br\/index.php?rest_route=%2Fwp%2Fv2%2Fmedia&parent=92197"}],"wp:term":[{"taxonomy":"category","embeddable":true,"href":"https:\/\/diarioregionaldigital.com.br\/index.php?rest_route=%2Fwp%2Fv2%2Fcategories&post=92197"},{"taxonomy":"post_tag","embeddable":true,"href":"https:\/\/diarioregionaldigital.com.br\/index.php?rest_route=%2Fwp%2Fv2%2Ftags&post=92197"}],"curies":[{"name":"wp","href":"https:\/\/api.w.org\/{rel}","templated":true}]}}