{"id":92195,"date":"2018-02-20T18:20:30","date_gmt":"2018-02-20T21:20:30","guid":{"rendered":"http:\/\/diarioregionaljf.com.br\/2018\/02\/20\/autor-dos-disparos-na-florida-sofria-de-depressao-e-autismo\/"},"modified":"2018-02-20T18:20:30","modified_gmt":"2018-02-20T21:20:30","slug":"autor-dos-disparos-na-florida-sofria-de-depressao-e-autismo","status":"publish","type":"post","link":"https:\/\/diarioregionaldigital.com.br\/?p=92195","title":{"rendered":"Autor dos disparos na Fl\u00f3rida sofria de depress\u00e3o e autismo"},"content":{"rendered":"<p>Nikolas Cruz, o autor dos disparos na escola de ensino m\u00e9dio Stoneman Douglas High School, em Parkland, na Fl\u00f3rida, sofria de depress\u00e3o e j\u00e1 havia sido diagnosticado com autismo e d\u00e9ficit de aten\u00e7\u00e3o. A informa\u00e7\u00e3o foi divulgada nessa segunda-feira, 19, pelo Departamento de Crian\u00e7as e Fam\u00edlias daquele estado do sul dos Estados Unidos. Segundo relat\u00f3rio do \u00f3rg\u00e3o, o rapaz de 19 anos, recebia tratamento psiqui\u00e1trico e usava rem\u00e9dios controlados desde 2016.<\/p>\n<p>Na \u00faltima quarta-feira, 14, o garoto entrou na escola de onde havia sido expulso por mau comportamento e matou 17 pessoas com um rifle AR-15 e v\u00e1rios carregadores autom\u00e1ticos, deixando ainda 14 feridos, alguns seriamente. Ele havia sido expulso da escola no ano passado e n\u00e3o tinha permiss\u00e3o para entrar no pr\u00e9dio com mochilas.<\/p>\n<p>Al\u00e9m da revela\u00e7\u00e3o sobre o tratamento psiqui\u00e1trico de Cruz, grandes emissoras americanas, como a NBC e CBS, apuraram que o Servi\u00e7o de Prote\u00e7\u00e3o a Adultos na Fl\u00f3rida foi notificado em 2016 de que Nikolas Cruz vinha sendo v\u00edtima de abusos de sua m\u00e3e, morta em novembro do ano passado. Mas segundo as redes de TV, a den\u00fancia foi considerada falsa, porque as investiga\u00e7\u00f5es conclu\u00edram que ele n\u00e3o sofria maus tratos.<\/p>\n<h4>&nbsp;<\/h4>\n<h4>\u201cDEM\u00d4NIOS\u201d<\/h4>\n<p>A ficha sobre o rapaz o descrevia como uma pessoa vulner\u00e1vel. Quando come\u00e7ou o tratamento psiqui\u00e1trico, Nikolas Cruz n\u00e3o possu\u00eda nenhuma arma. Ao comparecer \u00e0 Corte, o jovem e seus advogados afirmaram que Cruz disse estar arrependido e que \u201calgo ruim&#8221; se apoderou dele quando atirou contra os colegas. Ele disse \u00e0 pol\u00edcia ter ouvido vozes dentro de sua cabe\u00e7a, que ele descreveu como \u201cdem\u00f4nios\u201d.<\/p>\n<p>Ap\u00f3s o massacre, foi registrada uma onda de protestos na Fl\u00f3rida e em v\u00e1rios estados americanos pedindo mudan\u00e7as nas leis para promover maior rigor no controle de armas no pa\u00eds. O presidente Donald Trump contudo n\u00e3o defendeu a ideia do controle, mas aceitou discutir com professores e alunos sobre a seguran\u00e7a nas escolas do pa\u00eds. S\u00f3 este ano, pelo menos 19 incidentes com armas de fogo foram registrados dentro de escolas de ensino m\u00e9dio nos Estados Unidos.<\/p>\n<p>Fonte: Ag\u00eancia Brasil<\/p>\n","protected":false},"excerpt":{"rendered":"<p>Nikolas Cruz, o autor dos disparos na escola de ensino m\u00e9dio Stoneman Douglas High School, em Parkland, na Fl\u00f3rida, sofria de depress\u00e3o e j\u00e1 havia sido diagnosticado com autismo e d\u00e9ficit de aten\u00e7\u00e3o. A informa\u00e7\u00e3o foi divulgada nessa segunda-feira, 19, pelo Departamento de Crian\u00e7as e Fam\u00edlias daquele estado do sul dos Estados Unidos. Segundo relat\u00f3rio [&hellip;]<\/p>\n","protected":false},"author":96,"featured_media":92194,"comment_status":"closed","ping_status":"closed","sticky":false,"template":"","format":"standard","meta":{"footnotes":""},"categories":[302],"tags":[],"class_list":["post-92195","post","type-post","status-publish","format-standard","has-post-thumbnail","hentry","category-brasil-mundo"],"_links":{"self":[{"href":"https:\/\/diarioregionaldigital.com.br\/index.php?rest_route=\/wp\/v2\/posts\/92195","targetHints":{"allow":["GET"]}}],"collection":[{"href":"https:\/\/diarioregionaldigital.com.br\/index.php?rest_route=\/wp\/v2\/posts"}],"about":[{"href":"https:\/\/diarioregionaldigital.com.br\/index.php?rest_route=\/wp\/v2\/types\/post"}],"author":[{"embeddable":true,"href":"https:\/\/diarioregionaldigital.com.br\/index.php?rest_route=\/wp\/v2\/users\/96"}],"replies":[{"embeddable":true,"href":"https:\/\/diarioregionaldigital.com.br\/index.php?rest_route=%2Fwp%2Fv2%2Fcomments&post=92195"}],"version-history":[{"count":0,"href":"https:\/\/diarioregionaldigital.com.br\/index.php?rest_route=\/wp\/v2\/posts\/92195\/revisions"}],"wp:featuredmedia":[{"embeddable":true,"href":"https:\/\/diarioregionaldigital.com.br\/index.php?rest_route=\/wp\/v2\/media\/92194"}],"wp:attachment":[{"href":"https:\/\/diarioregionaldigital.com.br\/index.php?rest_route=%2Fwp%2Fv2%2Fmedia&parent=92195"}],"wp:term":[{"taxonomy":"category","embeddable":true,"href":"https:\/\/diarioregionaldigital.com.br\/index.php?rest_route=%2Fwp%2Fv2%2Fcategories&post=92195"},{"taxonomy":"post_tag","embeddable":true,"href":"https:\/\/diarioregionaldigital.com.br\/index.php?rest_route=%2Fwp%2Fv2%2Ftags&post=92195"}],"curies":[{"name":"wp","href":"https:\/\/api.w.org\/{rel}","templated":true}]}}