{"id":92193,"date":"2018-02-20T17:55:58","date_gmt":"2018-02-20T20:55:58","guid":{"rendered":"http:\/\/diarioregionaljf.com.br\/2018\/02\/20\/secretario-diz-que-forca-tarefa-no-ceara-e-para-combater-crime-organizado\/"},"modified":"2018-02-20T17:55:58","modified_gmt":"2018-02-20T20:55:58","slug":"secretario-diz-que-forca-tarefa-no-ceara-e-para-combater-crime-organizado","status":"publish","type":"post","link":"https:\/\/diarioregionaldigital.com.br\/?p=92193","title":{"rendered":"Secret\u00e1rio diz que for\u00e7a-tarefa no Cear\u00e1 \u00e9 para combater crime organizado"},"content":{"rendered":"<p>O envio da for\u00e7a-tarefa n\u00e3o tem liga\u00e7\u00e3o com nenhum fato isolado, disse o secret\u00e1rio de Seguran\u00e7a do Cear\u00e1, Andr\u00e9 Costa, sobre a equipe do Minist\u00e9rio da Justi\u00e7a que est\u00e1 em Fortaleza para ajudar a combater o crime organizado. Ele negou que a a\u00e7\u00e3o tenha sido motivada pela morte de dois homens apontados como l\u00edderes do PCC, no \u00faltimo final de semana.<\/p>\n<p>O secret\u00e1rio deu entrevista sobre os trabalhos da for\u00e7a-tarefa, que inclui 36 policiais para auxiliar nas opera\u00e7\u00f5es de intelig\u00eancia no Estado. O coordenador da equipe e secret\u00e1rio-adjunto da Secretaria Nacional de Seguran\u00e7a P\u00fablica (Senasp\/MJ), almirante Alexandre Mota, tamb\u00e9m estava na coletiva.<\/p>\n<p>De acordo com o secret\u00e1rio Andr\u00e9 Costa, a perman\u00eancia dos agentes faz parte de um projeto-piloto feito em parceria com o governo federal, que vem sendo articulado desde dezembro do ano passado. \u201cIsso [o trabalho entre os governos] n\u00e3o \u00e9 resultado de nenhum fato espec\u00edfico, mas de todo um contexto que passamos, de \u00edndices de viol\u00eancia e de integra\u00e7\u00e3o das for\u00e7as\u201d, afirmou.<\/p>\n<p>Para o secret\u00e1rio, a presen\u00e7a de fac\u00e7\u00f5es criminosas \u00e9 uma realidade que ultrapassa as divisas do estado. \u201cUm estado n\u00e3o vai conseguir combater essa problem\u00e1tica isoladamente. \u00c9 preciso participa\u00e7\u00e3o da Uni\u00e3o. Precisamos desse trabalho federalizado, porque dependemos de muitas informa\u00e7\u00f5es que est\u00e3o em poder de outros estados e das for\u00e7as federais.\u201d<\/p>\n<p>Costa disse que o projeto-piloto leva em conta o contexto que o Cear\u00e1 tem enfrentado na \u00e1rea da seguran\u00e7a p\u00fablica. No entanto, al\u00e9m do n\u00famero recorde de homic\u00eddios ocorridos em 2017 \u2013 que ultrapassou cinco mil \u2013 o estado registrou epis\u00f3dios violentos brutais nas \u00faltimas semanas. No fim de janeiro, 14 pessoas foram mortas em uma casa de shows na periferia de Fortaleza, e dez detentos morreram durante conflito em uma cadeia p\u00fablica. Nos dois crimes, houve ind\u00edcios da participa\u00e7\u00e3o de fac\u00e7\u00f5es criminosas.<\/p>\n<p>Fonte: Ag\u00eancia Brasil<\/p>\n","protected":false},"excerpt":{"rendered":"<p>O envio da for\u00e7a-tarefa n\u00e3o tem liga\u00e7\u00e3o com nenhum fato isolado, disse o secret\u00e1rio de Seguran\u00e7a do Cear\u00e1, Andr\u00e9 Costa, sobre a equipe do Minist\u00e9rio da Justi\u00e7a que est\u00e1 em Fortaleza para ajudar a combater o crime organizado. Ele negou que a a\u00e7\u00e3o tenha sido motivada pela morte de dois homens apontados como l\u00edderes do [&hellip;]<\/p>\n","protected":false},"author":96,"featured_media":92192,"comment_status":"closed","ping_status":"closed","sticky":false,"template":"","format":"standard","meta":{"footnotes":""},"categories":[302],"tags":[],"class_list":["post-92193","post","type-post","status-publish","format-standard","has-post-thumbnail","hentry","category-brasil-mundo"],"_links":{"self":[{"href":"https:\/\/diarioregionaldigital.com.br\/index.php?rest_route=\/wp\/v2\/posts\/92193","targetHints":{"allow":["GET"]}}],"collection":[{"href":"https:\/\/diarioregionaldigital.com.br\/index.php?rest_route=\/wp\/v2\/posts"}],"about":[{"href":"https:\/\/diarioregionaldigital.com.br\/index.php?rest_route=\/wp\/v2\/types\/post"}],"author":[{"embeddable":true,"href":"https:\/\/diarioregionaldigital.com.br\/index.php?rest_route=\/wp\/v2\/users\/96"}],"replies":[{"embeddable":true,"href":"https:\/\/diarioregionaldigital.com.br\/index.php?rest_route=%2Fwp%2Fv2%2Fcomments&post=92193"}],"version-history":[{"count":0,"href":"https:\/\/diarioregionaldigital.com.br\/index.php?rest_route=\/wp\/v2\/posts\/92193\/revisions"}],"wp:featuredmedia":[{"embeddable":true,"href":"https:\/\/diarioregionaldigital.com.br\/index.php?rest_route=\/wp\/v2\/media\/92192"}],"wp:attachment":[{"href":"https:\/\/diarioregionaldigital.com.br\/index.php?rest_route=%2Fwp%2Fv2%2Fmedia&parent=92193"}],"wp:term":[{"taxonomy":"category","embeddable":true,"href":"https:\/\/diarioregionaldigital.com.br\/index.php?rest_route=%2Fwp%2Fv2%2Fcategories&post=92193"},{"taxonomy":"post_tag","embeddable":true,"href":"https:\/\/diarioregionaldigital.com.br\/index.php?rest_route=%2Fwp%2Fv2%2Ftags&post=92193"}],"curies":[{"name":"wp","href":"https:\/\/api.w.org\/{rel}","templated":true}]}}