{"id":92191,"date":"2018-02-20T17:49:50","date_gmt":"2018-02-20T20:49:50","guid":{"rendered":"http:\/\/diarioregionaljf.com.br\/2018\/02\/20\/roraima-confirma-sete-casos-suspeitos-de-sarampo-em-boa-vista\/"},"modified":"2018-02-20T17:49:50","modified_gmt":"2018-02-20T20:49:50","slug":"roraima-confirma-sete-casos-suspeitos-de-sarampo-em-boa-vista","status":"publish","type":"post","link":"https:\/\/diarioregionaldigital.com.br\/?p=92191","title":{"rendered":"Roraima confirma sete casos suspeitos de sarampo em Boa Vista"},"content":{"rendered":"<p>A Secretaria Estadual de Sa\u00fade de Roraima confirmou nessa ter\u00e7a-feira, 20, que sete casos suspeitos de sarampo est\u00e3o sob investiga\u00e7\u00e3o. Uma crian\u00e7a venezuelana de 1 ano de idade, sem hist\u00f3rico vacinal, j\u00e1 teve a contamina\u00e7\u00e3o por sarampo confirmada pela Funda\u00e7\u00e3o Oswaldo Cruz (Fiocruz).<\/p>\n<p>Entre os sete casos ainda sob investiga\u00e7\u00e3o, cinco s\u00e3o meninos e dois meninas, na faixa et\u00e1ria de 7 meses e 10 anos. Seis crian\u00e7as venezuelanas e uma brasileira, residentes do munic\u00edpio de Boa Vista e sem hist\u00f3rico de vacina\u00e7\u00e3o.<\/p>\n<p>Todas as amostras est\u00e3o sendo encaminhadas para o Laborat\u00f3rio Central de Sa\u00fade P\u00fablica de Roraima e, posteriormente, ser\u00e3o analisadas pela Fiocruz.<\/p>\n<p>O sarampo estava erradicado no Brasil desde 2015 e as autoridades j\u00e1 temiam o retorno da doen\u00e7a ap\u00f3s o aumento da migra\u00e7\u00e3o. A Venezuela enfrenta um surto de sarampo, aliada a uma crise pol\u00edtica e econ\u00f4mica.<\/p>\n<p>O sarampo \u00e9 uma doen\u00e7a infecciosa viral e extremamente contagiosa. Os principais sintomas s\u00e3o febre alta, manchas avermelhadas, tosse e olhos irritados. Profissionais de sa\u00fade fazem hoje um treinamento sobre o tratamento do sarampo, em Boa Vista. O curso \u00e9 ministrado por t\u00e9cnicos do Minist\u00e9rio da Sa\u00fade, que nos pr\u00f3ximos dias deve enviar mais de 28 mil doses de vacina para refor\u00e7ar a imuniza\u00e7\u00e3o em Roraima.<\/p>\n<p>No \u00faltimo final de semana, profissionais de sa\u00fade realizaram um mutir\u00e3o para vacinar venezuelanos em abrigos de Boa Vista. Cerca de duas mil doses foram disponibilizadas pela Secretaria Estadual de Sa\u00fade.<\/p>\n<p>Fonte: Ag\u00eancia Brasil<\/p>\n","protected":false},"excerpt":{"rendered":"<p>A Secretaria Estadual de Sa\u00fade de Roraima confirmou nessa ter\u00e7a-feira, 20, que sete casos suspeitos de sarampo est\u00e3o sob investiga\u00e7\u00e3o. Uma crian\u00e7a venezuelana de 1 ano de idade, sem hist\u00f3rico vacinal, j\u00e1 teve a contamina\u00e7\u00e3o por sarampo confirmada pela Funda\u00e7\u00e3o Oswaldo Cruz (Fiocruz). Entre os sete casos ainda sob investiga\u00e7\u00e3o, cinco s\u00e3o meninos e dois [&hellip;]<\/p>\n","protected":false},"author":96,"featured_media":92190,"comment_status":"closed","ping_status":"closed","sticky":false,"template":"","format":"standard","meta":{"footnotes":""},"categories":[302],"tags":[],"class_list":["post-92191","post","type-post","status-publish","format-standard","has-post-thumbnail","hentry","category-brasil-mundo"],"_links":{"self":[{"href":"https:\/\/diarioregionaldigital.com.br\/index.php?rest_route=\/wp\/v2\/posts\/92191","targetHints":{"allow":["GET"]}}],"collection":[{"href":"https:\/\/diarioregionaldigital.com.br\/index.php?rest_route=\/wp\/v2\/posts"}],"about":[{"href":"https:\/\/diarioregionaldigital.com.br\/index.php?rest_route=\/wp\/v2\/types\/post"}],"author":[{"embeddable":true,"href":"https:\/\/diarioregionaldigital.com.br\/index.php?rest_route=\/wp\/v2\/users\/96"}],"replies":[{"embeddable":true,"href":"https:\/\/diarioregionaldigital.com.br\/index.php?rest_route=%2Fwp%2Fv2%2Fcomments&post=92191"}],"version-history":[{"count":0,"href":"https:\/\/diarioregionaldigital.com.br\/index.php?rest_route=\/wp\/v2\/posts\/92191\/revisions"}],"wp:featuredmedia":[{"embeddable":true,"href":"https:\/\/diarioregionaldigital.com.br\/index.php?rest_route=\/wp\/v2\/media\/92190"}],"wp:attachment":[{"href":"https:\/\/diarioregionaldigital.com.br\/index.php?rest_route=%2Fwp%2Fv2%2Fmedia&parent=92191"}],"wp:term":[{"taxonomy":"category","embeddable":true,"href":"https:\/\/diarioregionaldigital.com.br\/index.php?rest_route=%2Fwp%2Fv2%2Fcategories&post=92191"},{"taxonomy":"post_tag","embeddable":true,"href":"https:\/\/diarioregionaldigital.com.br\/index.php?rest_route=%2Fwp%2Fv2%2Ftags&post=92191"}],"curies":[{"name":"wp","href":"https:\/\/api.w.org\/{rel}","templated":true}]}}