{"id":92189,"date":"2018-02-20T17:47:12","date_gmt":"2018-02-20T20:47:12","guid":{"rendered":"http:\/\/diarioregionaljf.com.br\/2018\/02\/20\/mec-lanca-ate-marco-edital-para-formacao-de-professores\/"},"modified":"2018-02-20T17:47:12","modified_gmt":"2018-02-20T20:47:12","slug":"mec-lanca-ate-marco-edital-para-formacao-de-professores","status":"publish","type":"post","link":"https:\/\/diarioregionaldigital.com.br\/?p=92189","title":{"rendered":"MEC lan\u00e7a at\u00e9 mar\u00e7o edital para forma\u00e7\u00e3o de professores"},"content":{"rendered":"<p>O ministro da Educa\u00e7\u00e3o, Mendon\u00e7a Filho, disse nessa ter\u00e7a-feira, 20, que at\u00e9 in\u00edcio de mar\u00e7o o governo lan\u00e7ar\u00e1 o edital com oferta de vagas para o Programa Institucional de Bolsas de Inicia\u00e7\u00e3o \u00e0 Doc\u00eancia (Pibid) e para o novo programa de resid\u00eancia pedag\u00f3gica, com objetivo de melhorar a qualidade da forma\u00e7\u00e3o inicial de professores.<\/p>\n<p>Mendon\u00e7a deu entrevista ap\u00f3s participar, na capital paulista, da abertura dos debates da Reuni\u00e3o Ministerial Regional Ibero-Americana. Pelo Programa Nacional de Forma\u00e7\u00e3o de Professores, as institui\u00e7\u00f5es formadoras dever\u00e3o estabelecer conv\u00eanios com as redes p\u00fablicas de ensino. O ingresso no est\u00e1gio supervisionado ser\u00e1 feito ao longo da gradua\u00e7\u00e3o, a partir do segundo ano. Os futuros professores ter\u00e3o um acompanhamento peri\u00f3dico.<\/p>\n<h4>&nbsp;<\/h4>\n<h4>PISA<\/h4>\n<p>Durante a reuni\u00e3o, foram discutidos os resultados da edi\u00e7\u00e3o de 2015 do Programa Internacional de Avalia\u00e7\u00e3o de Estudantes (Pisa) para a elabora\u00e7\u00e3o de pol\u00edticas educacionais. O Brasil teve 44,1% dos estudantes brasileiros abaixo do n\u00edvel de aprendizagem considerado adequado em leitura, matem\u00e1tica e ci\u00eancias.<\/p>\n<p>Para o ministro, apesar do avan\u00e7o na inser\u00e7\u00e3o de jovens e crian\u00e7as dentro das escolas, as taxas de evas\u00e3o elevadas mostram a necessidade de foco no aumento da qualidade. \u201cPrecisamos assegurar qualidade desde a alfabetiza\u00e7\u00e3o, ao longo do ensino fundamental e n\u00edvel m\u00e9dio. Isso vai determinar uma mudan\u00e7a estrutural na perspectiva de futuro para os jovens e crian\u00e7as do Brasil\u201d, disse Mendon\u00e7a.<\/p>\n<p>Fonte: Ag\u00eancia Brasil<\/p>\n","protected":false},"excerpt":{"rendered":"<p>O ministro da Educa\u00e7\u00e3o, Mendon\u00e7a Filho, disse nessa ter\u00e7a-feira, 20, que at\u00e9 in\u00edcio de mar\u00e7o o governo lan\u00e7ar\u00e1 o edital com oferta de vagas para o Programa Institucional de Bolsas de Inicia\u00e7\u00e3o \u00e0 Doc\u00eancia (Pibid) e para o novo programa de resid\u00eancia pedag\u00f3gica, com objetivo de melhorar a qualidade da forma\u00e7\u00e3o inicial de professores. Mendon\u00e7a [&hellip;]<\/p>\n","protected":false},"author":96,"featured_media":92188,"comment_status":"closed","ping_status":"closed","sticky":false,"template":"","format":"standard","meta":{"footnotes":""},"categories":[302],"tags":[],"class_list":["post-92189","post","type-post","status-publish","format-standard","has-post-thumbnail","hentry","category-brasil-mundo"],"_links":{"self":[{"href":"https:\/\/diarioregionaldigital.com.br\/index.php?rest_route=\/wp\/v2\/posts\/92189","targetHints":{"allow":["GET"]}}],"collection":[{"href":"https:\/\/diarioregionaldigital.com.br\/index.php?rest_route=\/wp\/v2\/posts"}],"about":[{"href":"https:\/\/diarioregionaldigital.com.br\/index.php?rest_route=\/wp\/v2\/types\/post"}],"author":[{"embeddable":true,"href":"https:\/\/diarioregionaldigital.com.br\/index.php?rest_route=\/wp\/v2\/users\/96"}],"replies":[{"embeddable":true,"href":"https:\/\/diarioregionaldigital.com.br\/index.php?rest_route=%2Fwp%2Fv2%2Fcomments&post=92189"}],"version-history":[{"count":0,"href":"https:\/\/diarioregionaldigital.com.br\/index.php?rest_route=\/wp\/v2\/posts\/92189\/revisions"}],"wp:featuredmedia":[{"embeddable":true,"href":"https:\/\/diarioregionaldigital.com.br\/index.php?rest_route=\/wp\/v2\/media\/92188"}],"wp:attachment":[{"href":"https:\/\/diarioregionaldigital.com.br\/index.php?rest_route=%2Fwp%2Fv2%2Fmedia&parent=92189"}],"wp:term":[{"taxonomy":"category","embeddable":true,"href":"https:\/\/diarioregionaldigital.com.br\/index.php?rest_route=%2Fwp%2Fv2%2Fcategories&post=92189"},{"taxonomy":"post_tag","embeddable":true,"href":"https:\/\/diarioregionaldigital.com.br\/index.php?rest_route=%2Fwp%2Fv2%2Ftags&post=92189"}],"curies":[{"name":"wp","href":"https:\/\/api.w.org\/{rel}","templated":true}]}}